{"id":70603,"date":"2020-12-23T00:00:00","date_gmt":"2020-12-23T00:00:00","guid":{"rendered":"https:\/\/vipexperiences.mx\/columna-el-poder-del-pensamiento\/"},"modified":"2020-12-23T00:00:00","modified_gmt":"2020-12-23T00:00:00","slug":"columna-el-poder-del-pensamiento","status":"publish","type":"post","link":"https:\/\/vipexperiences.mx\/ru\/2020\/12\/23\/columna-el-poder-del-pensamiento\/","title":{"rendered":"Columna. El poder del pensamiento"},"content":{"rendered":"<p><strong>Columna. La mirada del espejo\u00a0<\/strong><br \/>\n<strong>Por Jackie Mortera,<\/strong>\u00a0<strong>Life &amp; Executive Coach<\/strong><br \/>\n<strong><a href=\"http:\/\/www.jackiemortera.com\/\" target=\"_blank\" rel=\"noopener\">www.jackiemortera.com<\/a><\/strong><\/p>\n<p>Sencillamente, lo podemos definir \u00a0como <strong>el poder\u00a0manifestar y proyectar lo que sentimos internamente\u00a0<\/strong>hacia el mundo exterior.<\/p>\n<p>La representaci\u00f3n f\u00edsica de lo que hacemos, <strong>o damos a entender a los dem\u00e1s<\/strong>, parte desde nuestro propio \u201cyo\u201d.<\/p>\n<p><strong>Quiz\u00e1s no nos detemos a pensar sobre esto<\/strong> y s\u00f3lo actuamos inconscientemente ante la realidad misma que experimentamos o vivimos d\u00eda a d\u00eda.<\/p>\n<p><img fetchpriority=\"high\" decoding=\"async\" class=\"size-full wp-image-19845 alignleft\" src=\"https:\/\/vipexperiences.mx\/wp-content\/uploads\/2020\/11\/Jackie-Negocios-3.png\" alt=\"\" width=\"449\" height=\"580\" \/>Existen muchos factores que ayudan a la persona a tener una mejor perspectiva de las distintas situaciones que se nos puedan presentar en el d\u00eda a d\u00eda. <strong>Sin embargo, no se trata s\u00f3lo de pensar en positivo<\/strong>.<\/p>\n<p><strong>1) Demos importancia a lo bueno, evitemos enfocarnos en lo malo<\/strong><\/p>\n<p>A veces hay mayor tendencia por hablar de las experiencias negativas, y no darle protagonismo a las cosas buenas que alcanzamos en determinados momentos.<\/p>\n<p><strong>2) Adi\u00f3s a las suposiciones<\/strong><\/p>\n<p>En muchos momentos de nuestras vidas, la mente comienza a producir sus propias escenas sobre cosas que est\u00e1n muy lejos de la realidad.<\/p>\n<p><strong>3) Equilibrio<\/strong><\/p>\n<p>En toda actividad nunca debemos de llegar a un extremo, ni de exceso ni de falta.\u00a0Encontrar el equilibrio en la balanza\u00a0es la mejor manera de no quedarse estancado y ser sumamente autoritario.<\/p>\n<p>Si queremos lograr mantenernos con un grado de credibilidad eficiente para enfrentarnos enfrentarnos a cualquier adversidad, pues lo que debemos de hacer es encontrar el equilibrio en todos los aspectos posibles de nuestras vidas.<\/p>\n<h6>Proyect\u00e9monos hacia el presente<\/h6>\n<p>Es normal que a veces comenzamos a pensar en <strong>infinidades de situaciones que pudieron ocurrir<\/strong>.<\/p>\n<p>Lo \u00fanico que logramos con esto son dolores de cabeza, <strong>estr\u00e9s e incluso depresi\u00f3n<\/strong>.<\/p>\n<p>Para contrarrestar estos pensamientos existe una excelente, y eficiente<strong>, t\u00e9cnica de meditaci\u00f3n conocida como el\u00a0<\/strong><em><strong>mindfulness<\/strong><\/em><strong>,<\/strong> la cual ayuda al mejoramiento gradual de la memoria y conciencia.<\/p>\n<p>El objetivo es\u00a0<strong>enfocar a nuestro ser hacia el presente<\/strong>\u00a0y dejar atr\u00e1s esas las cosas negativas inciertas.<\/p>\n<p>Al mismo tiempo, no s\u00f3lo basta con el decreto, <strong>sino con que debe haber una acci\u00f3n<\/strong>.<\/p>\n<p><strong>Esta acci\u00f3n es el puente entre tus pensamientos y tus resultados<\/strong>. O entre el mundo mental y el mundo f\u00edsico.<\/p>\n<figure id=\"attachment_21391\" aria-describedby=\"caption-attachment-21391\" style=\"width: 1910px\" class=\"wp-caption aligncenter\"><img decoding=\"async\" class=\"wp-image-21391 size-full\" src=\"https:\/\/vipexperiences.mx\/wp-content\/uploads\/2020\/12\/josh-riemer-OH5BRdggi2w-unsplash.jpg\" alt=\"\" width=\"1920\" height=\"1280\" \/><figcaption id=\"caption-attachment-21391\" class=\"wp-caption-text\">\u0424\u043e\u0442\u043e: Unsplash<\/figcaption><\/figure>\n<h6>Despierta tu consciencia<\/h6>\n<p><strong>Existen tres pasos para el despertar de la conciencia<\/strong>. El primero, y el m\u00e1s com\u00fan porque es en el que se encuentran la mayor\u00eda, es el victimismo.<\/p>\n<p>Otro es como la noche oscura del alma, <strong>cuando evolucionas conoces las leyes y los principios<\/strong>, entiendes que t\u00fa tienes el control y pasas al estado conocido como apoderamiento.<\/p>\n<p>Por \u00faltimo, tras darte cuenta de que no lo controlas todo, que hay algo superior y entonces lo reconoces.<\/p>\n<p><strong>El victimismo es imprescindible para poder cambiar tu realidad<\/strong>, que tomes conciencia del juego en el que est\u00e1s metido.<\/p>\n<p>Mucha gente vive a expensas de lo que la vida y la circunstancias les depara. <strong>Todo le sucede ellos, por alguna raz\u00f3n todo se tuerce<\/strong>, la vida es una lucha, es una pelea constante.<\/p>\n<p>T\u00fa decides si tienes excusas o resultados. Aquello en lo que te concentras se expande.<\/p>\n<p>Tus pensamientos y emociones dominantes terminan manifest\u00e1ndose en lo exterior. <strong>Tu actitud define lo que atraes.<\/strong><\/p>\n<h6>Recuerda, aquello a lo que te resistes persiste<\/h6>\n<p>Si te enfocas en lo que no te gusta, en realidad est\u00e1s atrayendo exactamente eso en tu vida.<\/p>\n<p>No seas un hablador, es importante que te aprendas de memoria la palabra integridad, esto significa que si dices y decides algo, <strong>tienes que hacerlo pase lo que pase<\/strong>.<\/p>\n<p><strong>Rompe tus esquemas mentales y de comportamiento<\/strong>, si realmente quieres un cambio necesitas un compromiso.<\/p>\n<p>Sal del papel de v\u00edctima responsabil\u00edzate de tu vida y elige lo que quieres, escapaste de esa presi\u00f3n que construiste a tu alrededor y que te manten\u00eda atrapado.<\/p>\n<p>Somos lo que pensamos. Todo lo que somos surge con nuestros pensamientos.<\/p>\n<p>Tu manera de ver el mundo <strong>es una interpretaci\u00f3n tuya<\/strong>.<\/p>\n<p>Los pensamientos no conducen a una emoci\u00f3n. La emoci\u00f3n nos lleva a la acci\u00f3n. <strong>La acci\u00f3n nos lleva a los resultados<\/strong>.<\/p>\n<h5>Pensamientos-Emoci\u00f3n-Acci\u00f3n-Resultados<\/h5>\n<figure id=\"attachment_21393\" aria-describedby=\"caption-attachment-21393\" style=\"width: 1910px\" class=\"wp-caption aligncenter\"><img decoding=\"async\" class=\"wp-image-21393 size-full\" src=\"https:\/\/vipexperiences.mx\/wp-content\/uploads\/2020\/12\/pro-church-media-7NGU2YqBue8-unsplash.jpg\" alt=\"\" width=\"1920\" height=\"1280\" \/><figcaption id=\"caption-attachment-21393\" class=\"wp-caption-text\">\u0424\u043e\u0442\u043e: Unsplash<\/figcaption><\/figure>\n<p>&nbsp;<\/p>\n<p><strong>\u0412\u0410\u041c \u0422\u0410\u041a\u0416\u0415 \u041c\u041e\u0416\u0415\u0422 \u0411\u042b\u0422\u042c \u0418\u041d\u0422\u0415\u0420\u0415\u0421\u041d\u041e:\u00a0<\/strong><\/p>\n<p><a href=\"https:\/\/vipexperiences.mx\/ru\/2020\/12\/21\/the-vip-2020-los-mejores-momentos-del-deporte\/\">THE VIP 2020: LOS MEJORES MOMENTOS DEL DEPORTE<\/a><\/p>\n<p><a href=\"https:\/\/vipexperiences.mx\/ru\/2020\/12\/15\/esto-es-lo-que-vieron-los-mexicanos-en-netflix-durante-el-2020\/\">ESTO ES LO QUE VIERON LOS MEXICANOS EN NETFLIX DURANTE EL 2020<\/a><\/p>\n<p><a href=\"https:\/\/vipexperiences.mx\/ru\/2020\/12\/17\/the-vip-2020-los-discos-que-nos-hicieron-vibrar-este-ano\/\">THE VIP 2020: LOS DISCOS QUE NOS HICIERON VIBRAR ESTE A\u00d1O<\/a><\/p>","protected":false},"excerpt":{"rendered":"<p>Columna. La mirada del espejo\u00a0 Por Jackie Mortera,\u00a0Life &amp; Executive Coach www.jackiemortera.com Sencillamente, lo podemos definir \u00a0como el poder\u00a0manifestar y proyectar lo que sentimos internamente\u00a0hacia el mundo exterior. La representaci\u00f3n f\u00edsica de lo que hacemos, o damos a entender a los dem\u00e1s, parte desde nuestro propio \u201cyo\u201d. Quiz\u00e1s no nos detemos a pensar sobre esto &#8230; <a title=\"Columna. El poder del pensamiento\" class=\"read-more\" href=\"https:\/\/vipexperiences.mx\/ru\/2020\/12\/23\/columna-el-poder-del-pensamiento\/\" aria-label=\"\u041f\u0440\u043e\u0447\u0438\u0442\u0430\u0442\u044c \u0431\u043e\u043b\u044c\u0448\u0435 \u043e Columna. El poder del pensamiento\">\u0427\u0438\u0442\u0430\u0442\u044c \u0434\u0430\u043b\u0435\u0435\u0435<\/a><\/p>","protected":false},"author":1,"featured_media":60304,"comment_status":"open","ping_status":"closed","sticky":false,"template":"","format":"standard","meta":{"_uag_custom_page_level_css":"","footnotes":""},"categories":[21],"tags":[1947,3391,2301,2563,491,5944,5945,213,4049,5946,839,46,2743],"class_list":["post-70603","post","type-post","status-publish","format-standard","has-post-thumbnail","hentry","category-luxury-lifestyle","tag-coaching","tag-columna","tag-consejos","tag-emprendimiento","tag-empresas","tag-equilibrio","tag-mente-positiva","tag-negocios","tag-opinion","tag-pensamiento","tag-poder","tag-tendencias","tag-tips"],"uagb_featured_image_src":{"full":["https:\/\/vipexperiences.mx\/wp-content\/uploads\/2024\/06\/norbert-kundrak-LJcB7n2F3UQ-unsplash-jpg.webp",1600,1044,false],"thumbnail":["https:\/\/vipexperiences.mx\/wp-content\/uploads\/2024\/06\/norbert-kundrak-LJcB7n2F3UQ-unsplash-150x150.webp",150,150,true],"medium":["https:\/\/vipexperiences.mx\/wp-content\/uploads\/2024\/06\/norbert-kundrak-LJcB7n2F3UQ-unsplash-300x196.webp",300,196,true],"medium_large":["https:\/\/vipexperiences.mx\/wp-content\/uploads\/2024\/06\/norbert-kundrak-LJcB7n2F3UQ-unsplash-768x501.webp",768,501,true],"large":["https:\/\/vipexperiences.mx\/wp-content\/uploads\/2024\/06\/norbert-kundrak-LJcB7n2F3UQ-unsplash-1024x668.webp",1024,668,true],"1536x1536":["https:\/\/vipexperiences.mx\/wp-content\/uploads\/2024\/06\/norbert-kundrak-LJcB7n2F3UQ-unsplash-1536x1002.webp",1536,1002,true],"2048x2048":["https:\/\/vipexperiences.mx\/wp-content\/uploads\/2024\/06\/norbert-kundrak-LJcB7n2F3UQ-unsplash-jpg.webp",1600,1044,false],"trp-custom-language-flag":["https:\/\/vipexperiences.mx\/wp-content\/uploads\/2024\/06\/norbert-kundrak-LJcB7n2F3UQ-unsplash-18x12.webp",18,12,true]},"uagb_author_info":{"display_name":"admin","author_link":"https:\/\/vipexperiences.mx\/ru\/author\/soporte_4z6oqe9k\/"},"uagb_comment_info":0,"uagb_excerpt":"Columna. La mirada del espejo\u00a0 Por Jackie Mortera,\u00a0Life &amp; Executive Coach www.jackiemortera.com Sencillamente, lo podemos definir \u00a0como el poder\u00a0manifestar y proyectar lo que sentimos internamente\u00a0hacia el mundo exterior. La representaci\u00f3n f\u00edsica de lo que hacemos, o damos a entender a los dem\u00e1s, parte desde nuestro propio \u201cyo\u201d. Quiz\u00e1s no nos detemos a pensar sobre esto&hellip;","_links":{"self":[{"href":"https:\/\/vipexperiences.mx\/ru\/wp-json\/wp\/v2\/posts\/70603","targetHints":{"allow":["GET"]}}],"collection":[{"href":"https:\/\/vipexperiences.mx\/ru\/wp-json\/wp\/v2\/posts"}],"about":[{"href":"https:\/\/vipexperiences.mx\/ru\/wp-json\/wp\/v2\/types\/post"}],"author":[{"embeddable":true,"href":"https:\/\/vipexperiences.mx\/ru\/wp-json\/wp\/v2\/users\/1"}],"replies":[{"embeddable":true,"href":"https:\/\/vipexperiences.mx\/ru\/wp-json\/wp\/v2\/comments?post=70603"}],"version-history":[{"count":0,"href":"https:\/\/vipexperiences.mx\/ru\/wp-json\/wp\/v2\/posts\/70603\/revisions"}],"wp:featuredmedia":[{"embeddable":true,"href":"https:\/\/vipexperiences.mx\/ru\/wp-json\/wp\/v2\/media\/60304"}],"wp:attachment":[{"href":"https:\/\/vipexperiences.mx\/ru\/wp-json\/wp\/v2\/media?parent=70603"}],"wp:term":[{"taxonomy":"category","embeddable":true,"href":"https:\/\/vipexperiences.mx\/ru\/wp-json\/wp\/v2\/categories?post=70603"},{"taxonomy":"post_tag","embeddable":true,"href":"https:\/\/vipexperiences.mx\/ru\/wp-json\/wp\/v2\/tags?post=70603"}],"curies":[{"name":"wp","href":"https:\/\/api.w.org\/{rel}","templated":true}]}}