{"id":68423,"date":"2020-04-02T00:00:00","date_gmt":"2020-04-02T00:00:00","guid":{"rendered":"https:\/\/vipexperiences.mx\/grupo-hersa-el-aliado-que-toda-empresa-necesita\/"},"modified":"2020-04-02T00:00:00","modified_gmt":"2020-04-02T00:00:00","slug":"grupo-hersa-el-aliado-que-toda-empresa-necesita","status":"publish","type":"post","link":"https:\/\/vipexperiences.mx\/ru\/2020\/04\/02\/grupo-hersa-el-aliado-que-toda-empresa-necesita\/","title":{"rendered":"Grupo Hersa: el aliado que toda empresa necesita"},"content":{"rendered":"<div><span>Acept\u00e9moslo, estas \u00faltimas semanas se convierten r\u00e1pidamente en un peligro para la econom\u00eda mundial, siendo sumamente importante para todas las empresas estar preparados para lo que viene.<\/span><\/div>\n<div><span><br \/>\nPor supuesto que en estos momentos de crisis existen cientos de voces que te ofrecer\u00e1n distintos servicios y opiniones, por lo que es deber de toda empresa contar con asesor\u00eda legal y fiscal de los mejores expertos.<\/span><\/div>\n<div><span><br \/>\n<strong>Grupo Hersa los mejores asesores de M\u00e9xico<\/strong><\/span><\/div>\n<div><span><br \/>\nSi a\u00fan no cuentas con asesores que te ayuden a sortear los duros tiempos que se avecinan, es momento de que conozcas a Grupo Hersa, que con sus 20 a\u00f1os de experiencia se ha convertido en una de las mejores firmas integrales de asesores para empresas.<\/span><\/div>\n<div><\/div>\n<div><\/div>\n<div>\n<figure id=\"attachment_5953\" aria-describedby=\"caption-attachment-5953\" style=\"width: 257px\" class=\"wp-caption alignleft\"><img fetchpriority=\"high\" decoding=\"async\" class=\"size-thumbnail wp-image-5953\" src=\"https:\/\/vipexperiences.mx\/wp-content\/uploads\/2020\/04\/0d8de8ed-cd84-4c93-aaa4-10148fb6cfca-267x400.jpg\" alt=\"\" width=\"267\" height=\"400\" \/><figcaption id=\"caption-attachment-5953\" class=\"wp-caption-text\">Imagen: Gerardo Hern\u00e1ndez<\/figcaption><\/figure>\n<p>Este Grupo fue fundado por Gerardo Hern\u00e1ndez Santiago, Contador P\u00fablico y Abogado Fiscalista, qui\u00e9n desde peque\u00f1o dese\u00f3 trabajar de manera independiente y crear un negocio que fuera rentable. Gracias a los medios de comunicaci\u00f3n se dio cuenta que todos tenemos que pagar impuestos, por lo que siendo un negocio seguro, se interes\u00f3 en el proceso de pago de impuestos y promulgaci\u00f3n de las leyes que los dictan.<\/p><\/div>\n<div><span><br \/>\nPoco a poco, <a href=\"https:\/\/grupohersa.net\/index.html\" target=\"_blank\" rel=\"noopener\">Grupo Hersa<\/a> continu\u00f3 con su expansi\u00f3n para ahora brindarle a los empresarios una estrategia de 360 grados. Grupo Hersa tiene una de las plantillas de expertos m\u00e1s destacables del pa\u00eds, quienes liderados por Hern\u00e1ndez Santiago, han logrado consolidarse en el mercado mexicano como la mejor opci\u00f3n en \u00e1reas como asesor\u00eda legal, servicios fiscales y fortalecimiento de capital humano.<\/span><\/div>\n<div><span><br \/>\n<strong>Grupo Hersa como aliado ante toda situaci\u00f3n<\/strong><\/span><\/div>\n<div><span><br \/>\nMaestro en Derecho Tributario Internacional por la Universidad Castilla la Mancha, en Espa\u00f1a y Maestro en Derecho Penal por la Universidad Panamericana, Gerardo Hern\u00e1ndez piensa que la situaci\u00f3n econ\u00f3mica que muchos empresarios viven gracias a la pandemia por COVID-19 apenas inicia: \u00abEsto va a retomar nuevamente su cause a partir de junio&#8230; que vuelve a tomar su orden econ\u00f3mico, no as\u00ed que las finanzas sanen. <\/span><\/div>\n<div><span>Simplemente que va a retomar de nuevo su estructura econ\u00f3mica, su estructura financiera&#8230; es decir el ritmo de trabajo\u00bb<\/span><\/div>\n<div><span><br \/>\nAnte esta situaci\u00f3n es importante ser asesorado por expertos como Grupo Hersa antes de tomar decisiones importantes en tu negocio, ya que ellos podr\u00e1n crear un plan de trabajo espec\u00edfico para que cuides tu patrimonio.<\/span><\/div>\n<div><span><br \/>\nSi bien es cierto que cada empresa se encuentra en momentos y situaciones diferentes, el Doctor Honoris Causa por el Claustro Doctoral Iberoamericano manifiesta que Grupo Hersa est\u00e1 para aplicar acciones correctivas y preventivas seg\u00fan sea el caso.<\/span><\/div>\n<div><span><br \/>\nEn cuanto a la prevenci\u00f3n en estos momentos lo m\u00e1s importante es \u00abprevenir demandas laborales, contingencias laborales, entre ellas tomar medidas para que no haya un riesgo de contagio en las empresas\u00bb, asegur\u00f3 el fundador de Grupo Hersa quien cuenta con una especialidad en Derechos Humanos por la Universidad de Henry Dunant, de Ginebra, Suiza.<\/span><\/div>\n<div><span><br \/>\nEl conductor del programa de radio \u00abGourmet Fiscal\u00bb menciona que al momento en que se declare oficialmente la Fase 3, ser\u00e1 importante que cada empresario defina si har\u00e1 despidos, afrontar\u00e1 la contingencia pagando salarios por 30 d\u00edas por la contingencia o liquidar y recortar personal.<\/span><\/div>\n<div><span><br \/>\nPara ayudarte en esta decisi\u00f3n \u00abGrupo Hersa te apoya para que tengas una asesor\u00eda completamente ligada y blindada con apego a Ley y que llegues a un buen acuerdo con los trabajadores para seguir subsistiendo en conjunto\u00bb, asegur\u00f3 el empresario.<\/span><\/div>\n<div><span><br \/>\nSi lo que m\u00e1s te preocupa es la parte econ\u00f3mica, Grupo Hersa tambi\u00e9n piensa en ti. \u00abEn la parte financiera hacemos todo un an\u00e1lisis financiero para conocer su punto de equilibrio y m\u00e1s all\u00e1 de eso, generar si tienen un financiamiento o si son auto sustentables para tener tres meses de vida\u00bb.<\/span><\/div>\n<div><span><br \/>\n<strong>Grupo Hersa ante la pandemia<\/strong><\/span><\/div>\n<div><span><br \/>\nDefinitivamente, Grupo Hersa es un aliado ante la situaci\u00f3n actual, ya que gracias al ya mencionado sistema de servicios integrales que ofrecen orientar\u00e1n y cuidar\u00e1n de cada empresario, sin importar el sector en el que se desempe\u00f1e o tama\u00f1o de la misma.<\/span><\/div>\n<div>\n<figure id=\"attachment_5952\" aria-describedby=\"caption-attachment-5952\" style=\"width: 290px\" class=\"wp-caption alignright\"><img decoding=\"async\" class=\"size-thumbnail wp-image-5952\" src=\"https:\/\/vipexperiences.mx\/wp-content\/uploads\/2020\/04\/93450bb1-3f42-4f9b-9fdc-0cf201905253-300x400.jpg\" alt=\"\" width=\"300\" height=\"400\" \/><figcaption id=\"caption-attachment-5952\" class=\"wp-caption-text\">Imagen: Gerardo Hern\u00e1ndez<\/figcaption><\/figure>\n<p>El mensaje de Grupo Hersa ante la situaci\u00f3n actual es \u00abunirnos para poder crecer y para poder subsistir en esta \u00e9poca de crisis bastante fuerte\u00bb.<\/p><\/div>\n<div><\/div>\n<div><span>El reconocido como uno de los fiscalistas m\u00e1s importantes de M\u00e9xico por la Revista Defensa Fiscal sugiere que antes de que un negocio cierre, le permita a su instituci\u00f3n analizar la situaci\u00f3n y apoyarse un poco en su sistema de networking para que entre sus mismos clientes puedan ayudarse entre s\u00ed.<\/span><\/div>\n<div><span><br \/>\nEntre las recomendaciones que Hern\u00e1ndez Santiago, miembro de la comisi\u00f3n Fiscal de Coparmex, le da a los empresarios est\u00e1n tomar medidas preventivas de salubridad con los empleados, hacer un resguardo de dinero o buscar un financiamiento que ayude a mitigar por lo menos tres meses el pago de los costos fijos, analizar n\u00f3mina y riesgos financieros, fiscales y legales.<\/span><\/div>\n<div><span><br \/>\nTambi\u00e9n hace hincapi\u00e9 en \u00abestar al d\u00eda en lo que se publique de manera oficial\u00bb, ya que a veces lo que se menciona en las conferencias no est\u00e1 apegado a la Ley.<\/span><\/div>","protected":false},"excerpt":{"rendered":"<p>Acept\u00e9moslo, estas \u00faltimas semanas se convierten r\u00e1pidamente en un peligro para la econom\u00eda mundial, siendo sumamente importante para todas las empresas estar preparados para lo que viene. Por supuesto que en estos momentos de crisis existen cientos de voces que te ofrecer\u00e1n distintos servicios y opiniones, por lo que es deber de toda empresa contar &#8230; <a title=\"Grupo Hersa: el aliado que toda empresa necesita\" class=\"read-more\" href=\"https:\/\/vipexperiences.mx\/ru\/2020\/04\/02\/grupo-hersa-el-aliado-que-toda-empresa-necesita\/\" aria-label=\"\u041f\u0440\u043e\u0447\u0438\u0442\u0430\u0442\u044c \u0431\u043e\u043b\u044c\u0448\u0435 \u043e Grupo Hersa: el aliado que toda empresa necesita\">\u0427\u0438\u0442\u0430\u0442\u044c \u0434\u0430\u043b\u0435\u0435\u0435<\/a><\/p>","protected":false},"author":1,"featured_media":51756,"comment_status":"open","ping_status":"closed","sticky":false,"template":"","format":"standard","meta":{"_uag_custom_page_level_css":"","footnotes":""},"categories":[20],"tags":[2205,2206,1873,2207,2208,2209,213,46],"class_list":["post-68423","post","type-post","status-publish","format-standard","has-post-thumbnail","hentry","category-business","tag-asesoria","tag-contaduria","tag-empresario","tag-fiscal","tag-hacienda","tag-impuestos","tag-negocios","tag-tendencias"],"uagb_featured_image_src":{"full":["https:\/\/vipexperiences.mx\/wp-content\/uploads\/2024\/06\/Hersa-centrado-jpg.webp",1200,675,false],"thumbnail":["https:\/\/vipexperiences.mx\/wp-content\/uploads\/2024\/06\/Hersa-centrado-150x150.webp",150,150,true],"medium":["https:\/\/vipexperiences.mx\/wp-content\/uploads\/2024\/06\/Hersa-centrado-300x169.webp",300,169,true],"medium_large":["https:\/\/vipexperiences.mx\/wp-content\/uploads\/2024\/06\/Hersa-centrado-768x432.webp",768,432,true],"large":["https:\/\/vipexperiences.mx\/wp-content\/uploads\/2024\/06\/Hersa-centrado-1024x576.webp",1024,576,true],"1536x1536":["https:\/\/vipexperiences.mx\/wp-content\/uploads\/2024\/06\/Hersa-centrado-jpg.webp",1200,675,false],"2048x2048":["https:\/\/vipexperiences.mx\/wp-content\/uploads\/2024\/06\/Hersa-centrado-jpg.webp",1200,675,false],"trp-custom-language-flag":["https:\/\/vipexperiences.mx\/wp-content\/uploads\/2024\/06\/Hersa-centrado-18x10.webp",18,10,true]},"uagb_author_info":{"display_name":"admin","author_link":"https:\/\/vipexperiences.mx\/ru\/author\/soporte_4z6oqe9k\/"},"uagb_comment_info":0,"uagb_excerpt":"Acept\u00e9moslo, estas \u00faltimas semanas se convierten r\u00e1pidamente en un peligro para la econom\u00eda mundial, siendo sumamente importante para todas las empresas estar preparados para lo que viene. Por supuesto que en estos momentos de crisis existen cientos de voces que te ofrecer\u00e1n distintos servicios y opiniones, por lo que es deber de toda empresa contar&hellip;","_links":{"self":[{"href":"https:\/\/vipexperiences.mx\/ru\/wp-json\/wp\/v2\/posts\/68423","targetHints":{"allow":["GET"]}}],"collection":[{"href":"https:\/\/vipexperiences.mx\/ru\/wp-json\/wp\/v2\/posts"}],"about":[{"href":"https:\/\/vipexperiences.mx\/ru\/wp-json\/wp\/v2\/types\/post"}],"author":[{"embeddable":true,"href":"https:\/\/vipexperiences.mx\/ru\/wp-json\/wp\/v2\/users\/1"}],"replies":[{"embeddable":true,"href":"https:\/\/vipexperiences.mx\/ru\/wp-json\/wp\/v2\/comments?post=68423"}],"version-history":[{"count":0,"href":"https:\/\/vipexperiences.mx\/ru\/wp-json\/wp\/v2\/posts\/68423\/revisions"}],"wp:featuredmedia":[{"embeddable":true,"href":"https:\/\/vipexperiences.mx\/ru\/wp-json\/wp\/v2\/media\/51756"}],"wp:attachment":[{"href":"https:\/\/vipexperiences.mx\/ru\/wp-json\/wp\/v2\/media?parent=68423"}],"wp:term":[{"taxonomy":"category","embeddable":true,"href":"https:\/\/vipexperiences.mx\/ru\/wp-json\/wp\/v2\/categories?post=68423"},{"taxonomy":"post_tag","embeddable":true,"href":"https:\/\/vipexperiences.mx\/ru\/wp-json\/wp\/v2\/tags?post=68423"}],"curies":[{"name":"wp","href":"https:\/\/api.w.org\/{rel}","templated":true}]}}