{"id":73094,"date":"2023-10-06T00:00:00","date_gmt":"2023-10-06T00:00:00","guid":{"rendered":"https:\/\/vipexperiences.mx\/verstappen-y-checo-perez-paseando-en-carrito-de-golf\/"},"modified":"2023-10-06T00:00:00","modified_gmt":"2023-10-06T00:00:00","slug":"verstappen-y-checo-perez-paseando-en-carrito-de-golf","status":"publish","type":"post","link":"https:\/\/vipexperiences.mx\/pt\/2023\/10\/06\/verstappen-y-checo-perez-paseando-en-carrito-de-golf\/","title":{"rendered":"VERSTAPPEN Y \u00abCHECO\u00bb P\u00c9REZ PASEANDO EN CARRITO DE GOLF"},"content":{"rendered":"<p>Previo al <strong>Gran Premio de Qatar de la F\u00f3rmula 1<\/strong>, se vio a los pilotos <strong>Max Verstappen<\/strong> y <a href=\"https:\/\/vipexperiences.mx\/pt\/2023\/09\/29\/checo-perez-lamenta-criticas-en-su-contra-en-f1-influye-mucho-que-sea-mexicano\/\"><strong>Sergio \u00abCheco\u00bb P\u00e9rez<\/strong><\/a> paseando en un carrito de golf, lo que demuestra que la tensi\u00f3n al interior del equipo Red Bull Racing se ha calmado un poco.<\/p>\n<p>Se conoce la pasi\u00f3n de \u00abCheco\u00bb por el golf y cuando est\u00e1 de vacaciones siempre practica este deporte para hacer a un lado el estr\u00e9s.<\/p>\n<p>El <strong>mexicano<\/strong> tuvo una decepcionante carrera en Jap\u00f3n, lo que aument\u00f3 los ataques en su contra, a pesar de que a\u00fan se mantiene en el segundo sitio del campeonato, aunque <strong>Lewis Hamilton y Fernando Alonso<\/strong> le siguen de cerca.<\/p>\n<p>Max cada vez se acerca m\u00e1s al <strong>tricampeonato<\/strong> y un buen resultado en <strong>Qatar<\/strong> ser\u00e1 lo necesario para obtenerlo, a falta de cinco carreras para terminar la temporada 2023 de la <strong>F1<\/strong>.<\/p>\n<blockquote class=\"twitter-tweet\" data-width=\"550\" data-dnt=\"true\">\n<p lang=\"es\" dir=\"ltr\">\ud83d\udcfd| Max y Checo Perez manejando carritos de golf en Catar.<a href=\"https:\/\/twitter.com\/hashtag\/QatarGP?src=hash&amp;ref_src=twsrc%5Etfw\" target=\"_blank\" rel=\"noopener\">#QatarGP<\/a> <a href=\"https:\/\/t.co\/HMBdvtd5Df\">pic.twitter.com\/HMBdvtd5Df<\/a><\/p>\n<p>&mdash; Verstappen LATAM (@verstappenlatam) <a href=\"https:\/\/twitter.com\/verstappenlatam\/status\/1710033774224785667?ref_src=twsrc%5Etfw\" target=\"_blank\" rel=\"noopener\">October 5, 2023<\/a><\/p><\/blockquote>\n<p><script async src=\"https:\/\/platform.twitter.com\/widgets.js\" charset=\"utf-8\"><\/script><\/p>","protected":false},"excerpt":{"rendered":"<p>Previo al Gran Premio de Qatar de la F\u00f3rmula 1, se vio a los pilotos Max Verstappen y Sergio \u00abCheco\u00bb P\u00e9rez paseando en un carrito de golf, lo que demuestra que la tensi\u00f3n al interior del equipo Red Bull Racing se ha calmado un poco. Se conoce la pasi\u00f3n de \u00abCheco\u00bb por el golf y &#8230; <a title=\"VERSTAPPEN Y \u00abCHECO\u00bb P\u00c9REZ PASEANDO EN CARRITO DE GOLF\" class=\"read-more\" href=\"https:\/\/vipexperiences.mx\/pt\/2023\/10\/06\/verstappen-y-checo-perez-paseando-en-carrito-de-golf\/\" aria-label=\"Leia mais sobre VERSTAPPEN Y \u00abCHECO\u00bb P\u00c9REZ PASEANDO EN CARRITO DE GOLF\">Ler mais<\/a><\/p>","protected":false},"author":7,"featured_media":73095,"comment_status":"open","ping_status":"closed","sticky":false,"template":"","format":"standard","meta":{"_uag_custom_page_level_css":"","footnotes":""},"categories":[9],"tags":[9568,98,99,413,67,3770,1535],"class_list":["post-73094","post","type-post","status-publish","format-standard","has-post-thumbnail","hentry","category-motor","tag-carrito-de-golf","tag-checo-perez","tag-f1","tag-formula-1","tag-golf","tag-max-verstappen","tag-red-bull-racing"],"uagb_featured_image_src":{"full":["https:\/\/vipexperiences.mx\/wp-content\/uploads\/2024\/06\/Captura-de-pantalla-2023-10-06-a-las-11.15.51.png",1600,1029,false],"thumbnail":["https:\/\/vipexperiences.mx\/wp-content\/uploads\/2024\/06\/Captura-de-pantalla-2023-10-06-a-las-11.15.51-150x150.png",150,150,true],"medium":["https:\/\/vipexperiences.mx\/wp-content\/uploads\/2024\/06\/Captura-de-pantalla-2023-10-06-a-las-11.15.51-300x193.png",300,193,true],"medium_large":["https:\/\/vipexperiences.mx\/wp-content\/uploads\/2024\/06\/Captura-de-pantalla-2023-10-06-a-las-11.15.51-768x494.png",768,494,true],"large":["https:\/\/vipexperiences.mx\/wp-content\/uploads\/2024\/06\/Captura-de-pantalla-2023-10-06-a-las-11.15.51-1024x659.png",1024,659,true],"1536x1536":["https:\/\/vipexperiences.mx\/wp-content\/uploads\/2024\/06\/Captura-de-pantalla-2023-10-06-a-las-11.15.51-1536x988.png",1536,988,true],"2048x2048":["https:\/\/vipexperiences.mx\/wp-content\/uploads\/2024\/06\/Captura-de-pantalla-2023-10-06-a-las-11.15.51.png",1600,1029,false],"trp-custom-language-flag":["https:\/\/vipexperiences.mx\/wp-content\/uploads\/2024\/06\/Captura-de-pantalla-2023-10-06-a-las-11.15.51-18x12.png",18,12,true]},"uagb_author_info":{"display_name":"Morgana Cantero Rios","author_link":"https:\/\/vipexperiences.mx\/pt\/author\/morgana-cantero\/"},"uagb_comment_info":0,"uagb_excerpt":"Previo al Gran Premio de Qatar de la F\u00f3rmula 1, se vio a los pilotos Max Verstappen y Sergio \u00abCheco\u00bb P\u00e9rez paseando en un carrito de golf, lo que demuestra que la tensi\u00f3n al interior del equipo Red Bull Racing se ha calmado un poco. Se conoce la pasi\u00f3n de \u00abCheco\u00bb por el golf y&hellip;","_links":{"self":[{"href":"https:\/\/vipexperiences.mx\/pt\/wp-json\/wp\/v2\/posts\/73094","targetHints":{"allow":["GET"]}}],"collection":[{"href":"https:\/\/vipexperiences.mx\/pt\/wp-json\/wp\/v2\/posts"}],"about":[{"href":"https:\/\/vipexperiences.mx\/pt\/wp-json\/wp\/v2\/types\/post"}],"author":[{"embeddable":true,"href":"https:\/\/vipexperiences.mx\/pt\/wp-json\/wp\/v2\/users\/7"}],"replies":[{"embeddable":true,"href":"https:\/\/vipexperiences.mx\/pt\/wp-json\/wp\/v2\/comments?post=73094"}],"version-history":[{"count":0,"href":"https:\/\/vipexperiences.mx\/pt\/wp-json\/wp\/v2\/posts\/73094\/revisions"}],"wp:featuredmedia":[{"embeddable":true,"href":"https:\/\/vipexperiences.mx\/pt\/wp-json\/wp\/v2\/media\/73095"}],"wp:attachment":[{"href":"https:\/\/vipexperiences.mx\/pt\/wp-json\/wp\/v2\/media?parent=73094"}],"wp:term":[{"taxonomy":"category","embeddable":true,"href":"https:\/\/vipexperiences.mx\/pt\/wp-json\/wp\/v2\/categories?post=73094"},{"taxonomy":"post_tag","embeddable":true,"href":"https:\/\/vipexperiences.mx\/pt\/wp-json\/wp\/v2\/tags?post=73094"}],"curies":[{"name":"wp","href":"https:\/\/api.w.org\/{rel}","templated":true}]}}