{"id":72879,"date":"2023-07-31T00:00:00","date_gmt":"2023-07-31T00:00:00","guid":{"rendered":"https:\/\/vipexperiences.mx\/adidas-apuesta-a-mas-ventas-de-productos-de-la-linea-yeezy\/"},"modified":"2023-07-31T00:00:00","modified_gmt":"2023-07-31T00:00:00","slug":"adidas-apuesta-a-mas-ventas-de-productos-de-la-linea-yeezy","status":"publish","type":"post","link":"https:\/\/vipexperiences.mx\/pt\/2023\/07\/31\/adidas-apuesta-a-mas-ventas-de-productos-de-la-linea-yeezy\/","title":{"rendered":"ADIDAS APUESTA A M\u00c1S VENTAS DE PRODUCTOS DE LA L\u00cdNEA YEEZY"},"content":{"rendered":"<p><a href=\"https:\/\/vipexperiences.mx\/pt\/2022\/11\/23\/pharrell-williams-x-adidas-la-alianza-que-usa-el-animal-print\/\"><strong>Adidas<\/strong><\/a> anunci\u00f3 el lanzamiento adicional del inventario <strong>Yeezy<\/strong>, el cual estar\u00e1 disponible en todo el mundo a lo largo del mes de agosto, campa\u00f1a que arranc\u00f3 en el 2022.<\/p>\n<p>Tras recaudar m\u00e1s de 565 millones de d\u00f3lares del stock restante de la asociaci\u00f3n con <strong>Kanye West<\/strong>, la reconocida marca alemana de calzado tiene una nueva estrategia en mente.<\/p>\n<p>Esta l\u00ednea incluir\u00e1 dise\u00f1os importantes como los <strong>YEEZY BOOST 350 V2, 500 y 700, as\u00ed como YEEZY SLIDE y FOAM. RNR<\/strong>.<\/p>\n<p>Los productos estar\u00e1n disponibles en la plataforma digital de Adidas, su aplicaci\u00f3n y los socios tendr\u00e1n el privilegio de comprar de forma anticipada estos productos.<\/p>\n<p>Como se comunic\u00f3 anteriormente, la empresa alemana donar\u00e1 una cantidad significativa de la venta de las Yeezy a organizaciones que trabajan para combatir la <strong>discriminaci\u00f3n<\/strong> y el <strong>odio<\/strong>, incluidos el <strong>racismo<\/strong> y el <strong>antisemitismo<\/strong>.<\/p>\n<p>La compa\u00f1\u00eda continuar\u00e1 apoyando el trabajo de la Liga Antidifamaci\u00f3n (ADL) y el Instituto Philonise &amp; Keeta Floyd para el Cambio Social. Adem\u00e1s, adidas se enorgullece de asociarse con la Fundaci\u00f3n para Combatir el Antisemitismo (FCAS) de Robert Kraft para luchar contra todas las formas de odio.<\/p>\n<p>Informaci\u00f3n de Forbes.<\/p>\n<p>https:\/\/www.instagram.com\/p\/BRjRtODlfVF\/<\/p>","protected":false},"excerpt":{"rendered":"<p>Adidas anunci\u00f3 el lanzamiento adicional del inventario Yeezy, el cual estar\u00e1 disponible en todo el mundo a lo largo del mes de agosto, campa\u00f1a que arranc\u00f3 en el 2022. Tras recaudar m\u00e1s de 565 millones de d\u00f3lares del stock restante de la asociaci\u00f3n con Kanye West, la reconocida marca alemana de calzado tiene una nueva &#8230; <a title=\"ADIDAS APUESTA A M\u00c1S VENTAS DE PRODUCTOS DE LA L\u00cdNEA YEEZY\" class=\"read-more\" href=\"https:\/\/vipexperiences.mx\/pt\/2023\/07\/31\/adidas-apuesta-a-mas-ventas-de-productos-de-la-linea-yeezy\/\" aria-label=\"Leia mais sobre ADIDAS APUESTA A M\u00c1S VENTAS DE PRODUCTOS DE LA L\u00cdNEA YEEZY\">Ler mais<\/a><\/p>","protected":false},"author":7,"featured_media":72880,"comment_status":"open","ping_status":"closed","sticky":false,"template":"","format":"standard","meta":{"_uag_custom_page_level_css":"","footnotes":""},"categories":[20],"tags":[674,9378,7253],"class_list":["post-72879","post","type-post","status-publish","format-standard","has-post-thumbnail","hentry","category-business","tag-adidas","tag-adidas-yeezy","tag-kanye-west"],"uagb_featured_image_src":{"full":["https:\/\/vipexperiences.mx\/wp-content\/uploads\/2024\/06\/Captura-de-pantalla-2023-07-31-a-las-10.53.14.png",1336,888,false],"thumbnail":["https:\/\/vipexperiences.mx\/wp-content\/uploads\/2024\/06\/Captura-de-pantalla-2023-07-31-a-las-10.53.14-150x150.png",150,150,true],"medium":["https:\/\/vipexperiences.mx\/wp-content\/uploads\/2024\/06\/Captura-de-pantalla-2023-07-31-a-las-10.53.14-300x199.png",300,199,true],"medium_large":["https:\/\/vipexperiences.mx\/wp-content\/uploads\/2024\/06\/Captura-de-pantalla-2023-07-31-a-las-10.53.14-768x510.png",768,510,true],"large":["https:\/\/vipexperiences.mx\/wp-content\/uploads\/2024\/06\/Captura-de-pantalla-2023-07-31-a-las-10.53.14-1024x681.png",1024,681,true],"1536x1536":["https:\/\/vipexperiences.mx\/wp-content\/uploads\/2024\/06\/Captura-de-pantalla-2023-07-31-a-las-10.53.14.png",1336,888,false],"2048x2048":["https:\/\/vipexperiences.mx\/wp-content\/uploads\/2024\/06\/Captura-de-pantalla-2023-07-31-a-las-10.53.14.png",1336,888,false],"trp-custom-language-flag":["https:\/\/vipexperiences.mx\/wp-content\/uploads\/2024\/06\/Captura-de-pantalla-2023-07-31-a-las-10.53.14-18x12.png",18,12,true]},"uagb_author_info":{"display_name":"Morgana Cantero Rios","author_link":"https:\/\/vipexperiences.mx\/pt\/author\/morgana-cantero\/"},"uagb_comment_info":0,"uagb_excerpt":"Adidas anunci\u00f3 el lanzamiento adicional del inventario Yeezy, el cual estar\u00e1 disponible en todo el mundo a lo largo del mes de agosto, campa\u00f1a que arranc\u00f3 en el 2022. Tras recaudar m\u00e1s de 565 millones de d\u00f3lares del stock restante de la asociaci\u00f3n con Kanye West, la reconocida marca alemana de calzado tiene una nueva&hellip;","_links":{"self":[{"href":"https:\/\/vipexperiences.mx\/pt\/wp-json\/wp\/v2\/posts\/72879","targetHints":{"allow":["GET"]}}],"collection":[{"href":"https:\/\/vipexperiences.mx\/pt\/wp-json\/wp\/v2\/posts"}],"about":[{"href":"https:\/\/vipexperiences.mx\/pt\/wp-json\/wp\/v2\/types\/post"}],"author":[{"embeddable":true,"href":"https:\/\/vipexperiences.mx\/pt\/wp-json\/wp\/v2\/users\/7"}],"replies":[{"embeddable":true,"href":"https:\/\/vipexperiences.mx\/pt\/wp-json\/wp\/v2\/comments?post=72879"}],"version-history":[{"count":0,"href":"https:\/\/vipexperiences.mx\/pt\/wp-json\/wp\/v2\/posts\/72879\/revisions"}],"wp:featuredmedia":[{"embeddable":true,"href":"https:\/\/vipexperiences.mx\/pt\/wp-json\/wp\/v2\/media\/72880"}],"wp:attachment":[{"href":"https:\/\/vipexperiences.mx\/pt\/wp-json\/wp\/v2\/media?parent=72879"}],"wp:term":[{"taxonomy":"category","embeddable":true,"href":"https:\/\/vipexperiences.mx\/pt\/wp-json\/wp\/v2\/categories?post=72879"},{"taxonomy":"post_tag","embeddable":true,"href":"https:\/\/vipexperiences.mx\/pt\/wp-json\/wp\/v2\/tags?post=72879"}],"curies":[{"name":"wp","href":"https:\/\/api.w.org\/{rel}","templated":true}]}}