{"id":71900,"date":"2021-08-06T00:00:00","date_gmt":"2021-08-06T00:00:00","guid":{"rendered":"https:\/\/vipexperiences.mx\/aseguradoras-impactadas-por-la-pandemia-amis\/"},"modified":"2021-08-06T00:00:00","modified_gmt":"2021-08-06T00:00:00","slug":"aseguradoras-impactadas-por-la-pandemia-amis","status":"publish","type":"post","link":"https:\/\/vipexperiences.mx\/pt\/2021\/08\/06\/aseguradoras-impactadas-por-la-pandemia-amis\/","title":{"rendered":"Aseguradoras impactadas por la pandemia: AMIS"},"content":{"rendered":"<p class=\"MsoNormal\" style=\"margin: 0cm; font-size: 12pt; font-family: Calibri, sans-serif; color: #000000;\"><span lang=\"ES\">Las aseguradoras se han encargado de evolucionar constantemente sus servicios para mantenerse presentes e ir renovado el servicio a sus clientes.<\/span><\/p>\n<p class=\"MsoNormal\" style=\"margin: 0cm; font-size: 12pt; font-family: Calibri, sans-serif; color: #000000;\"><span lang=\"ES\">\u00a0<\/span><\/p>\n<p class=\"MsoNormal\" style=\"margin: 0cm; font-size: 12pt; font-family: Calibri, sans-serif; color: #000000;\"><span lang=\"ES\">Poco antes de la declaraci\u00f3n de la pandemia por COVID-19, los CEO de la industria identificaron la experiencia del cliente <b>como su principal oportunidad de crecimiento e inversi\u00f3n para 2020<\/b>.<\/span><\/p>\n<p class=\"MsoNormal\" style=\"margin: 0cm; font-size: 12pt; font-family: Calibri, sans-serif; color: #000000;\"><span lang=\"ES\">\u00a0<\/span><\/p>\n<p class=\"MsoNormal\" style=\"margin: 0cm; font-size: 12pt; font-family: Calibri, sans-serif; color: #000000;\"><span lang=\"ES\">La aparici\u00f3n de esta enfatiz\u00f3 la necesidad de interacciones habilitadas digitalmente<b>, ya sea con los consumidores o clientes comerciales<\/b>, y al requerimiento de un enfoque m\u00e1s centrado en el ser humano para ellas.<\/span><\/p>\n<p class=\"MsoNormal\" style=\"margin: 0cm; font-size: 12pt; font-family: Calibri, sans-serif; color: #000000;\"><span lang=\"ES\">\u00a0<\/span><\/p>\n<p class=\"MsoNormal\" style=\"margin: 0cm; font-size: 12pt; font-family: Calibri, sans-serif; color: #000000; box-sizing: border-box; overflow-wrap: break-word;\"><span lang=\"ES\">Anteriormente las necesidades mutuas de clientes y aseguradoras han sido poco pronunciadas.<\/span><\/p>\n<p class=\"MsoNormal\" style=\"margin: 0cm; font-size: 12pt; font-family: Calibri, sans-serif; color: #000000;\"><span lang=\"ES\">\u00a0<\/span><\/p>\n<p class=\"MsoNormal\" style=\"margin: 0cm; font-size: 12pt; font-family: Calibri, sans-serif; color: #000000;\"><span lang=\"ES\">Los consumidores <b>se quedan con marcas que conocen y en las que conf\u00edan<\/b>, y estas se centran en retener a los clientes ofreciendo variedad en sus servicios.<\/span><\/p>\n<p class=\"MsoNormal\" style=\"margin: 0cm; font-size: 12pt; font-family: Calibri, sans-serif; color: #000000;\"><span lang=\"ES\">\u00a0<\/span><\/p>\n<p class=\"MsoNormal\" style=\"margin: 0cm; font-size: 12pt; font-family: Calibri, sans-serif; color: #000000;\"><span lang=\"ES\">Para los consumidores, los puntos de contacto del seguro tienden a agruparse en torno a eventos estresantes, y el COVID-19 est\u00e1 creando muchos de esos.<\/span><\/p>\n<p class=\"MsoNormal\" style=\"margin: 0cm; font-size: 12pt; font-family: Calibri, sans-serif; color: #000000;\"><span lang=\"ES\">\u00a0<\/span><\/p>\n<p class=\"MsoNormal\" style=\"margin: 0cm; font-size: 12pt; font-family: Calibri, sans-serif; color: #000000; box-sizing: border-box; overflow-wrap: break-word;\"><span lang=\"ES\">Tras la llegada de la tercera ola de contagios por COVID-19, <b>han registrado un aumento en las indemnizaciones y hospitalizaciones<\/b>.<\/span><\/p>\n<p class=\"MsoNormal\" style=\"margin: 0cm; font-size: 12pt; font-family: Calibri, sans-serif; color: #000000;\"><span lang=\"ES\">\u00a0<\/span><\/p>\n<p class=\"MsoNormal\" style=\"margin: 0cm; font-size: 12pt; font-family: Calibri, sans-serif; color: #000000;\"><span lang=\"ES\">Adem\u00e1s, han reportado un impacto al sector\u00a0con un monto total de 2 mil 220 millones de d\u00f3lares, estos datos han posicionado la enfermedad por coronavirus como el segundo siniestro m\u00e1s caro en el pa\u00eds.<\/span><\/p>\n<p>&nbsp;<\/p>\n<figure id=\"attachment_28330\" aria-describedby=\"caption-attachment-28330\" style=\"width: 1910px\" class=\"wp-caption aligncenter\"><img fetchpriority=\"high\" decoding=\"async\" class=\"wp-image-28330 size-full\" src=\"https:\/\/vipexperiences.mx\/wp-content\/uploads\/2021\/08\/vladimir-fedotov-YLmPK-XA1cM-unsplash.jpg\" alt=\"\" width=\"1920\" height=\"1282\" \/><figcaption id=\"caption-attachment-28330\" class=\"wp-caption-text\">Foto: Unsplash<\/figcaption><\/figure>\n<p class=\"MsoNormal\" style=\"margin: 0cm; font-size: 12pt; font-family: Calibri, sans-serif; color: #000000;\"><span lang=\"ES\">\u00a0<\/span><\/p>\n<h6 class=\"MsoNormal\" style=\"margin: 0cm; font-size: 12pt; font-family: Calibri, sans-serif; color: #000000;\"><span lang=\"ES\">\u00bfCu\u00e1les son los n\u00fameros?<\/span><\/h6>\n<p class=\"MsoNormal\" style=\"margin: 0cm; font-size: 12pt; font-family: Calibri, sans-serif; color: #000000;\"><span lang=\"ES\">\u00a0<\/span><\/p>\n<p class=\"MsoNormal\" style=\"margin: 0cm; font-size: 12pt; font-family: Calibri, sans-serif; color: #000000; box-sizing: border-box; overflow-wrap: break-word;\"><span lang=\"ES\">La Asociaci\u00f3n Mexicana de Instituciones de Seguros (AMIS), asegura que el gremio ha reportado 36 mil 788 casos asegurados de COVID-19.<\/span><\/p>\n<p class=\"MsoNormal\" style=\"margin: 0cm; font-size: 12pt; font-family: Calibri, sans-serif; color: #000000;\"><span lang=\"ES\">\u00a0<\/span><\/p>\n<p class=\"MsoNormal\" style=\"margin: 0cm; font-size: 12pt; font-family: Calibri, sans-serif; color: #000000;\"><span lang=\"ES\">73 por ciento de los casos con<b> un costo promedio de 489 mil 691 pesos<\/b> <b>en atenci\u00f3n hospitalaria<\/b>, registrando un repunte hacia el alza, porque se han incrementado el n\u00famero de contagios.<\/span><\/p>\n<p class=\"MsoNormal\" style=\"margin: 0cm; font-size: 12pt; font-family: Calibri, sans-serif; color: #000000;\"><span lang=\"ES\">\u00a0<\/span><\/p>\n<p class=\"MsoNormal\" style=\"margin: 0cm; font-size: 12pt; font-family: Calibri, sans-serif; color: #000000; box-sizing: border-box; overflow-wrap: break-word;\"><span lang=\"ES\">La AMIS report\u00f3 105 mil 447 fallecimientos, con un monto promedio de 243 mil pesos, con un acumulado de 25 mil 726 millones de pesos.<\/span><\/p>\n<p class=\"MsoNormal\" style=\"margin: 0cm; font-size: 12pt; font-family: Calibri, sans-serif; color: #000000;\"><span lang=\"ES\">\u00a0<\/span><\/p>\n<p class=\"MsoNormal\" style=\"margin: 0cm; font-size: 12pt; font-family: Calibri, sans-serif; color: #000000; box-sizing: border-box; overflow-wrap: break-word;\"><span lang=\"ES\">Sin embargo, seg\u00fan la asociaci\u00f3n, la mortalidad por COVID-19 en el pa\u00eds en las dos olas anteriores lleg\u00f3 a ser de entre 8 y 10 por ciento, <b>mientras que actualmente se encuentra entre 2 y 3 por ciento<\/b>.<\/span><\/p>\n<p class=\"MsoNormal\" style=\"margin: 0cm; font-size: 12pt; font-family: Calibri, sans-serif; color: #000000;\"><span lang=\"ES\">\u00a0<\/span><\/p>\n<p class=\"MsoNormal\" style=\"margin: 0cm; font-size: 12pt; font-family: Calibri, sans-serif; color: #000000;\"><span lang=\"ES\">Al 2 de agosto del presente a\u00f1o, <b>debido a avance en la vacunaci\u00f3n de la poblaci\u00f3n<\/b>, no se han presentado incrementos similares a los que se presentaron en 2020 en los meses con los repuntes m\u00e1s fuertes.<\/span><\/p>\n<p>&nbsp;<\/p>\n<figure id=\"attachment_28329\" aria-describedby=\"caption-attachment-28329\" style=\"width: 1910px\" class=\"wp-caption aligncenter\"><img decoding=\"async\" class=\"wp-image-28329 size-full\" src=\"https:\/\/vipexperiences.mx\/wp-content\/uploads\/2021\/08\/viki-mohamad-hYcSP6SpoK0-unsplash.jpg\" alt=\"\" width=\"1920\" height=\"1536\" \/><figcaption id=\"caption-attachment-28329\" class=\"wp-caption-text\">Foto: Unsplash<\/figcaption><\/figure>\n<p><strong>TAMB\u00c9M PODE INTERESSAR-LHE:<\/strong><\/p>\n<p><a href=\"https:\/\/vipexperiences.mx\/pt\/2021\/08\/04\/cemex-invertira-en-la-tecnologia-para-la-reduccion-de-co2\/\">CEMEX INVERTIR\u00c1 EN LA TECNOLOG\u00cdA PARA LA REDUCCI\u00d3N DE CO2<\/a><\/p>\n<p><a href=\"https:\/\/vipexperiences.mx\/pt\/2021\/07\/28\/jaguar-land-rover-presenta-su-nueva-estrategia-reimagine-para-un-futuro-libre-de-emisiones\/\">JAGUAR LAND ROVER PRESENTA SU NUEVA ESTRATEGIA REIMAGINE PARA UN FUTURO LIBRE DE EMISIONES<\/a><\/p>\n<p><a href=\"https:\/\/vipexperiences.mx\/pt\/2021\/08\/03\/viva-aerobus-da-la-bienvenida-a-su-avion-50-un-nuevo-airbus-a321neo\/\">VIVA AEROBUS DA LA BIENVENIDA A SU AVI\u00d3N #50: UN NUEVO AIRBUS A321NEO<\/a><\/p>","protected":false},"excerpt":{"rendered":"<p>Las aseguradoras se han encargado de evolucionar constantemente sus servicios para mantenerse presentes e ir renovado el servicio a sus clientes. \u00a0 Poco antes de la declaraci\u00f3n de la pandemia por COVID-19, los CEO de la industria identificaron la experiencia del cliente como su principal oportunidad de crecimiento e inversi\u00f3n para 2020. \u00a0 La aparici\u00f3n &#8230; <a title=\"Aseguradoras impactadas por la pandemia: AMIS\" class=\"read-more\" href=\"https:\/\/vipexperiences.mx\/pt\/2021\/08\/06\/aseguradoras-impactadas-por-la-pandemia-amis\/\" aria-label=\"Leia mais sobre Aseguradoras impactadas por la pandemia: AMIS\">Ler mais<\/a><\/p>","protected":false},"author":1,"featured_media":64657,"comment_status":"open","ping_status":"closed","sticky":false,"template":"","format":"standard","meta":{"_uag_custom_page_level_css":"","footnotes":""},"categories":[20],"tags":[8398,1948,2044,8399,2495,8400,252,213,2011,8401,46,8402],"class_list":["post-71900","post","type-post","status-publish","format-standard","has-post-thumbnail","hentry","category-business","tag-aseguradoras","tag-covid-19","tag-economia","tag-fallecimientos","tag-finanzas","tag-hospitalizaciones","tag-mexico","tag-negocios","tag-pandemia","tag-seguro-de-gastos-medicos","tag-tendencias","tag-tercera-ola"],"uagb_featured_image_src":{"full":["https:\/\/vipexperiences.mx\/wp-content\/uploads\/2024\/06\/fusion-medical-animation-rnr8D3FNUNY-unsplash-jpg.webp",1600,900,false],"thumbnail":["https:\/\/vipexperiences.mx\/wp-content\/uploads\/2024\/06\/fusion-medical-animation-rnr8D3FNUNY-unsplash-150x150.webp",150,150,true],"medium":["https:\/\/vipexperiences.mx\/wp-content\/uploads\/2024\/06\/fusion-medical-animation-rnr8D3FNUNY-unsplash-300x169.webp",300,169,true],"medium_large":["https:\/\/vipexperiences.mx\/wp-content\/uploads\/2024\/06\/fusion-medical-animation-rnr8D3FNUNY-unsplash-768x432.webp",768,432,true],"large":["https:\/\/vipexperiences.mx\/wp-content\/uploads\/2024\/06\/fusion-medical-animation-rnr8D3FNUNY-unsplash-1024x576.webp",1024,576,true],"1536x1536":["https:\/\/vipexperiences.mx\/wp-content\/uploads\/2024\/06\/fusion-medical-animation-rnr8D3FNUNY-unsplash-1536x864.webp",1536,864,true],"2048x2048":["https:\/\/vipexperiences.mx\/wp-content\/uploads\/2024\/06\/fusion-medical-animation-rnr8D3FNUNY-unsplash-jpg.webp",1600,900,false],"trp-custom-language-flag":["https:\/\/vipexperiences.mx\/wp-content\/uploads\/2024\/06\/fusion-medical-animation-rnr8D3FNUNY-unsplash-18x10.webp",18,10,true]},"uagb_author_info":{"display_name":"admin","author_link":"https:\/\/vipexperiences.mx\/pt\/author\/soporte_4z6oqe9k\/"},"uagb_comment_info":0,"uagb_excerpt":"Las aseguradoras se han encargado de evolucionar constantemente sus servicios para mantenerse presentes e ir renovado el servicio a sus clientes. \u00a0 Poco antes de la declaraci\u00f3n de la pandemia por COVID-19, los CEO de la industria identificaron la experiencia del cliente como su principal oportunidad de crecimiento e inversi\u00f3n para 2020. \u00a0 La aparici\u00f3n&hellip;","_links":{"self":[{"href":"https:\/\/vipexperiences.mx\/pt\/wp-json\/wp\/v2\/posts\/71900","targetHints":{"allow":["GET"]}}],"collection":[{"href":"https:\/\/vipexperiences.mx\/pt\/wp-json\/wp\/v2\/posts"}],"about":[{"href":"https:\/\/vipexperiences.mx\/pt\/wp-json\/wp\/v2\/types\/post"}],"author":[{"embeddable":true,"href":"https:\/\/vipexperiences.mx\/pt\/wp-json\/wp\/v2\/users\/1"}],"replies":[{"embeddable":true,"href":"https:\/\/vipexperiences.mx\/pt\/wp-json\/wp\/v2\/comments?post=71900"}],"version-history":[{"count":0,"href":"https:\/\/vipexperiences.mx\/pt\/wp-json\/wp\/v2\/posts\/71900\/revisions"}],"wp:featuredmedia":[{"embeddable":true,"href":"https:\/\/vipexperiences.mx\/pt\/wp-json\/wp\/v2\/media\/64657"}],"wp:attachment":[{"href":"https:\/\/vipexperiences.mx\/pt\/wp-json\/wp\/v2\/media?parent=71900"}],"wp:term":[{"taxonomy":"category","embeddable":true,"href":"https:\/\/vipexperiences.mx\/pt\/wp-json\/wp\/v2\/categories?post=71900"},{"taxonomy":"post_tag","embeddable":true,"href":"https:\/\/vipexperiences.mx\/pt\/wp-json\/wp\/v2\/tags?post=71900"}],"curies":[{"name":"wp","href":"https:\/\/api.w.org\/{rel}","templated":true}]}}