{"id":71145,"date":"2021-03-13T00:00:00","date_gmt":"2021-03-13T00:00:00","guid":{"rendered":"https:\/\/vipexperiences.mx\/el-museo-porsche-reabre-sus-puertas-el-martes-16\/"},"modified":"2021-03-13T00:00:00","modified_gmt":"2021-03-13T00:00:00","slug":"el-museo-porsche-reabre-sus-puertas-el-martes-16","status":"publish","type":"post","link":"https:\/\/vipexperiences.mx\/pt\/2021\/03\/13\/el-museo-porsche-reabre-sus-puertas-el-martes-16\/","title":{"rendered":"El Museo Porsche reabre sus puertas el martes 16"},"content":{"rendered":"<p>La espera llega a su fin: a partir del pr\u00f3ximo martes 16 de marzo de 2021, el Museo Porsche estar\u00e1 de nuevo abierto al p\u00fablico. Como medida de precauci\u00f3n contra la expansi\u00f3n del coronavirus y, sobre todo, para proteger a visitantes y empleados, el museo ha permanecido cerrado durante los \u00faltimos meses.<\/p>\n<p>\u201cQuer\u00edamos ser capaces de ofrecer una experiencia inolvidable desde el primer d\u00eda, por lo que dedicamos la mayor parte del tiempo que estuvimos cerrados a realizar los cambios que en principio estaban planeados para el a\u00f1o actual. Por ejemplo, transformamos algunas exposiciones, emprendido trabajos de modernizaci\u00f3n e instalado nuevas estaciones interactivas\u201d, dijo Achim Stejskal, director de Patrimonio y del Museo Porsche.<\/p>\n<p>Hagamos una peque\u00f1a retrospectiva. Mientras colegios y guarder\u00edas estuvieron cerrados y muchas personas tuvieron que trabajar desde casa, el museo reaccion\u00f3 r\u00e1pidamente con Porsche 4Kids y otras fascinantes experiencias online para ni\u00f1os, a trav\u00e9s de la p\u00e1gina web Porsche4kids.<\/p>\n<figure id=\"attachment_24375\" aria-describedby=\"caption-attachment-24375\" style=\"width: 1190px\" class=\"wp-caption aligncenter\"><img fetchpriority=\"high\" decoding=\"async\" class=\"size-full wp-image-24375\" src=\"https:\/\/vipexperiences.mx\/wp-content\/uploads\/2021\/03\/Porsche-02-1.jpg\" alt=\"\" width=\"1200\" height=\"799\" \/><figcaption id=\"caption-attachment-24375\" class=\"wp-caption-text\">Foto: Porsche.<\/figcaption><\/figure>\n<p>Otro cambio igual de bien recibido en la rutina diaria de 2020, fue la posibilidad de visitas digitales en directo durante la edici\u00f3n n\u00famero 43 del D\u00eda Internacional del Museo, celebrado el pasado 17 de mayo, donde dos gu\u00edas ayudaban a recorrer la exposici\u00f3n. De julio a noviembre, el Museo Porsche present\u00f3 el primer deportivo 100% el\u00e9ctrico de la marca, el Taycan, el cual hizo parte de la exhibici\u00f3n especial \u2018Start to Drive Electric\u2019 (\u2018Empieza a Conducir El\u00e9ctrico\u2019) que fue montada en el marco del \u2018DRIVE. Volkswagen Group Forum\u2019, en Berl\u00edn.<\/p>\n<p>\u201cSiempre intentamos sacar lo mejor del pasado a\u00f1o. Por lo tanto, reaccionamos de manera flexible a las regulaciones actuales y actuamos pensando en el inter\u00e9s de empleados y aficionados. A pesar de todos los desaf\u00edos, incluso durante la crisis encontramos nuevas oportunidades, y ahora estamos encantados con la reapertura, que promete muchas sorpresas y dos exposiciones especiales en 2021\u201d, dijo Achim Stejskal.<\/p>\n<p>Durante el cierre, el equipo del departamento de Patrimonio y del Museo Porsche tuvo que trabajar sin descanso para llevar a cabo un espectacular cambio de exposiciones. El Porsche 956 que anteriormente colgaba del techo de la sala, fue enviado a los especialistas de autos de carreas hist\u00f3ricos.<\/p>\n<figure id=\"attachment_24376\" aria-describedby=\"caption-attachment-24376\" style=\"width: 1190px\" class=\"wp-caption aligncenter\"><img decoding=\"async\" class=\"size-full wp-image-24376\" src=\"https:\/\/vipexperiences.mx\/wp-content\/uploads\/2021\/03\/Porsche-01-1.jpg\" alt=\"\" width=\"1200\" height=\"800\" \/><figcaption id=\"caption-attachment-24376\" class=\"wp-caption-text\">Foto: Porsche.<\/figcaption><\/figure>\n<p>Mientras que en el Taller del Museo son reparados y reconstruidos los autos cl\u00e1sicos de producci\u00f3n en serie, en Weissach se lleva a cabo la restauraci\u00f3n y el mantenimiento de autos de carreas hist\u00f3ricos. Aqu\u00ed fue donde el departamento de Patrimonio dej\u00f3 el prototipo ganador de las 24 Horas de Le Mans, con la intenci\u00f3n de que fuera transformado para poder circular por carretera. Por el contrario, el Porsche 956 que fue utilizado como auto de prueba para el legendario motor TAG Turbo de F\u00f3rmula 1 y para desarrollar el efecto suelo, ahora est\u00e1 instalado en el lugar del anterior, sobre las cabezas de los visitantes.<\/p>\n<p>Los bajos especiales de este veh\u00edculo de carreras, que dispone de difusores que generan un efecto de vac\u00edo durante la marcha y lo succionan literalmente hacia el asfalto, en teor\u00eda permitir\u00edan tambi\u00e9n que el 956 pudiera ser conducido por el techo.<\/p>\n<p>El ADN del dise\u00f1o Porsche siempre est\u00e1 presente en todos los modelos de la gama, y el del 911 se remonta a 1963. Ahora, los visitantes tendr\u00e1n la oportunidad de experimentar ese ADN del dise\u00f1o de forma interactiva. La estaci\u00f3n \u2018Consistent\u2019 presenta seis autom\u00f3viles en plataformas giratorias, uno por cada modelo de la gama Porsche. La exposici\u00f3n combina mobiliario cl\u00e1sico con m\u00e9todos de impresi\u00f3n 3D y tecnolog\u00eda de sensores \u00f3pticos.<\/p>\n<figure id=\"attachment_24377\" aria-describedby=\"caption-attachment-24377\" style=\"width: 1190px\" class=\"wp-caption aligncenter\"><img decoding=\"async\" class=\"size-full wp-image-24377\" src=\"https:\/\/vipexperiences.mx\/wp-content\/uploads\/2021\/03\/Porsche-03-1.jpg\" alt=\"\" width=\"1200\" height=\"800\" \/><figcaption id=\"caption-attachment-24377\" class=\"wp-caption-text\">Foto: Porsche.<\/figcaption><\/figure>\n<p>Cuando un visitante se acerca a la plataforma giratoria interactiva, todos los autos detienen su recorrido en bucle y giran para colocarse frente a \u00e9l. En cuanto que la plataforma que hay debajo del 911 se mueve, los otros Porsche giran de forma sincronizada. Mientras tanto, unas l\u00edneas iluminadas en rojo aparecen en los seis veh\u00edculos, lo que proporciona una descripci\u00f3n visual del ADN del dise\u00f1o Porsche, que es explicada en detalle en la gu\u00eda multimedia.<\/p>\n<p>Nunca ha sido tan f\u00e1cil visualizar la relaci\u00f3n entre los diferentes modelos a trav\u00e9s de l\u00edneas de dise\u00f1o. Este mobiliario va a ser a partir de ahora un elemento fijo de la exposici\u00f3n permanente, junto a los 80 veh\u00edculos y m\u00e1s de 200 peque\u00f1os objetos exhibidos.<\/p>\n<p>Otra novedad es que los visitantes tendr\u00e1n la opci\u00f3n de utilizar una gu\u00eda multimedia de nuevo dise\u00f1o, que contiene informaci\u00f3n exhaustiva sobre los veh\u00edculos expuestos. Adem\u00e1s de una nueva c\u00e1mara y el sistema operativo Android 8, el dispositivo tambi\u00e9n cuenta con una pantalla m\u00e1s grande con resoluci\u00f3n Full HD +. La gu\u00eda multimedia 2.0 es de uso intuitivo y tiene una versi\u00f3n para ni\u00f1os.<\/p>\n<figure id=\"attachment_24378\" aria-describedby=\"caption-attachment-24378\" style=\"width: 1190px\" class=\"wp-caption aligncenter\"><img loading=\"lazy\" decoding=\"async\" class=\"size-full wp-image-24378\" src=\"https:\/\/vipexperiences.mx\/wp-content\/uploads\/2021\/03\/Porsche-04-1.jpg\" alt=\"\" width=\"1200\" height=\"800\" \/><figcaption id=\"caption-attachment-24378\" class=\"wp-caption-text\">Foto: Porsche.<\/figcaption><\/figure>\n<p>Reacciona de manera muy r\u00e1pida, lo que hace que sea entretenido profundizar en su gran variedad de contenido y aprender todo sobre las exhibiciones a trav\u00e9s de una narraci\u00f3n din\u00e1mica. Con el fin de garantizar que la informaci\u00f3n se mantenga siempre actualizada, fue producido nuevo contenido de audio para 210 veh\u00edculos, ya que los modelos de la exposici\u00f3n permanente cambian con regularidad. Tambi\u00e9n fueron a\u00f1adidos comentarios de audio en varios idiomas a los videoclips e informaciones existentes. Los visitantes dispondr\u00e1n incluso de sonidos de motores e im\u00e1genes hist\u00f3ricas con solo tocar un bot\u00f3n.<\/p>\n<p>Para aquellos que buscan una verdadera experiencia como pilotos, hay buenas noticias: con los Simuladores Porsche Racing, pueden sentir la verdadera adrenalina de la competici\u00f3n jugando y participando en competiciones de E-Sports, en varios niveles de dificultad seg\u00fan las habilidades que tengan. Una pantalla curva orientada hacia el conductor y el volante del Porsche 911 GT3 Cup, garantiza que la experiencia sea apasionante. El nuevo Simulador Porsche Racing cuenta con pedales de alto rendimiento para que la respuesta sea lo m\u00e1s directa y realista posible.<\/p>\n<p>El asiento de carreras ofrece un soporte excepcional en curva, mientras que el sistema de movimiento D-BOX desplaza al conductor lateral y longitudinalmente, as\u00ed como hacia arriba y hacia abajo, lo que proporciona sensaciones incre\u00edbles.<\/p>\n<figure id=\"attachment_24379\" aria-describedby=\"caption-attachment-24379\" style=\"width: 1190px\" class=\"wp-caption aligncenter\"><img loading=\"lazy\" decoding=\"async\" class=\"size-full wp-image-24379\" src=\"https:\/\/vipexperiences.mx\/wp-content\/uploads\/2021\/03\/Porsche-06-1.jpg\" alt=\"\" width=\"1200\" height=\"800\" \/><figcaption id=\"caption-attachment-24379\" class=\"wp-caption-text\">Foto: Porsche.<\/figcaption><\/figure>\n<p>Uno de los mayores sue\u00f1os para los entusiastas de Porsche es sentarse al volante de un modelo de la gama actual. Pues bien, quienes acudan al museo pueden hacerlo realidad y llevarse a casa una fotograf\u00eda de recuerdo. El quiosco de fotos fue renovada por completo durante estos meses de clausura. Por ejemplo, ahora hay nuevos escenarios de fondo que sit\u00faan al auto en diferentes ambientes por medio de una tecnolog\u00eda de recorte de im\u00e1genes. Es posible elegir el escenario deseado, as\u00ed como cualquier filtro fotogr\u00e1fico. El visitante se puede llevar la foto impresa de forma gratuita y recibirla, adem\u00e1s, por correo electr\u00f3nico, para de ese modo compartirla f\u00e1cilmente en las redes sociales.<\/p>\n<p>Para asegurarse de que la exposici\u00f3n siempre tenga la luz perfecta, el equipo del museo tambi\u00e9n moderniz\u00f3 la iluminaci\u00f3n del techo. Los bombillos reci\u00e9n instalados tienen una tecnolog\u00eda exclusiva, consumen la mitad de energ\u00eda y duplican la calidad de la luz. Adem\u00e1s, la emisi\u00f3n de calor fue reducida en alrededor de 50 por ciento y la necesidad de aire acondicionado tambi\u00e9n disminuy\u00f3. Con un \u00edndice de reproducci\u00f3n crom\u00e1tica de hasta 96, casi tan alto como el de la luz solar que es de 100, el nuevo sistema permite que los productos expuestos brillen m\u00e1s que nunca.<\/p>\n<p>Las 560 luminarias de arquitectura motorizada son controladas con una simple tableta. Si la ocasi\u00f3n lo requiere, las luces pueden ser integradas en un esquema de iluminaci\u00f3n de espect\u00e1culo por medio de una consola de control. Esa consola de control de iluminaci\u00f3n \u2018grandMA3\u2019 es de la misma versi\u00f3n de las que son utilizadas en algunos de los mayores escenarios del mundo.<\/p>\n<p>La nueva Ordenanza Corona, promulgada por el estado de Baden-Wurtemberg el 8 de marzo de 2021, puede requerir a los visitantes del Museo Porsche que se registren con antelaci\u00f3n, dependiendo de la incidencia del coronavirus de cada momento. Cuando la incidencia a 7 d\u00edas est\u00e9 entre 50 y 100, ser\u00e1 necesario registrarse por adelantado. El Museo Porsche abre de martes a domingo, de 9 de la ma\u00f1ana a 6 de la tarde.<\/p>\n<p><strong>TAMB\u00c9M PODE INTERESSAR-LHE:<\/strong><br \/>\n<a href=\"https:\/\/vipexperiences.mx\/pt\/2021\/03\/11\/fia-f4-nacam-se-suma-al-fin-de-semana-de-gp-de-mexico-de-f1\/\">FIA F4 NACAM SE SUMA AL FIN DE SEMANA DE GP DE M\u00c9XICO DE F1<\/a><br \/>\n<a href=\"https:\/\/vipexperiences.mx\/pt\/2021\/03\/12\/jaquet-droz-revela-tres-nuevos-grande-seconde-skelet-one\/\">JAQUET DROZ REVELA TRES NUEVOS GRANDE SECONDE SKELET-ONE<\/a><br \/>\n<a href=\"https:\/\/vipexperiences.mx\/pt\/2021\/03\/10\/mini-convertible-listo-para-la-primavera\/\">MINI CONVERTIBLE, LISTO PARA LA PRIMAVERA<\/a><\/p>","protected":false},"excerpt":{"rendered":"<p>La espera llega a su fin: a partir del pr\u00f3ximo martes 16 de marzo de 2021, el Museo Porsche estar\u00e1 de nuevo abierto al p\u00fablico. Como medida de precauci\u00f3n contra la expansi\u00f3n del coronavirus y, sobre todo, para proteger a visitantes y empleados, el museo ha permanecido cerrado durante los \u00faltimos meses. \u201cQuer\u00edamos ser capaces &#8230; <a title=\"El Museo Porsche reabre sus puertas el martes 16\" class=\"read-more\" href=\"https:\/\/vipexperiences.mx\/pt\/2021\/03\/13\/el-museo-porsche-reabre-sus-puertas-el-martes-16\/\" aria-label=\"Leia mais sobre El Museo Porsche reabre sus puertas el martes 16\">Ler mais<\/a><\/p>","protected":false},"author":1,"featured_media":62110,"comment_status":"open","ping_status":"closed","sticky":false,"template":"","format":"standard","meta":{"_uag_custom_page_level_css":"","footnotes":""},"categories":[9],"tags":[161,1948,2015,1358,140,1163,46],"class_list":["post-71145","post","type-post","status-publish","format-standard","has-post-thumbnail","hentry","category-motor","tag-alemania","tag-covid-19","tag-cultura","tag-motor","tag-museo","tag-porsche","tag-tendencias"],"uagb_featured_image_src":{"full":["https:\/\/vipexperiences.mx\/wp-content\/uploads\/2024\/06\/Porsche-05-1-2-jpg.webp",1200,800,false],"thumbnail":["https:\/\/vipexperiences.mx\/wp-content\/uploads\/2024\/06\/Porsche-05-1-2-150x150.webp",150,150,true],"medium":["https:\/\/vipexperiences.mx\/wp-content\/uploads\/2024\/06\/Porsche-05-1-2-300x200.webp",300,200,true],"medium_large":["https:\/\/vipexperiences.mx\/wp-content\/uploads\/2024\/06\/Porsche-05-1-2-768x512.webp",768,512,true],"large":["https:\/\/vipexperiences.mx\/wp-content\/uploads\/2024\/06\/Porsche-05-1-2-1024x683.webp",1024,683,true],"1536x1536":["https:\/\/vipexperiences.mx\/wp-content\/uploads\/2024\/06\/Porsche-05-1-2-jpg.webp",1200,800,false],"2048x2048":["https:\/\/vipexperiences.mx\/wp-content\/uploads\/2024\/06\/Porsche-05-1-2-jpg.webp",1200,800,false],"trp-custom-language-flag":["https:\/\/vipexperiences.mx\/wp-content\/uploads\/2024\/06\/Porsche-05-1-2-18x12.webp",18,12,true]},"uagb_author_info":{"display_name":"admin","author_link":"https:\/\/vipexperiences.mx\/pt\/author\/soporte_4z6oqe9k\/"},"uagb_comment_info":0,"uagb_excerpt":"La espera llega a su fin: a partir del pr\u00f3ximo martes 16 de marzo de 2021, el Museo Porsche estar\u00e1 de nuevo abierto al p\u00fablico. Como medida de precauci\u00f3n contra la expansi\u00f3n del coronavirus y, sobre todo, para proteger a visitantes y empleados, el museo ha permanecido cerrado durante los \u00faltimos meses. \u201cQuer\u00edamos ser capaces&hellip;","_links":{"self":[{"href":"https:\/\/vipexperiences.mx\/pt\/wp-json\/wp\/v2\/posts\/71145","targetHints":{"allow":["GET"]}}],"collection":[{"href":"https:\/\/vipexperiences.mx\/pt\/wp-json\/wp\/v2\/posts"}],"about":[{"href":"https:\/\/vipexperiences.mx\/pt\/wp-json\/wp\/v2\/types\/post"}],"author":[{"embeddable":true,"href":"https:\/\/vipexperiences.mx\/pt\/wp-json\/wp\/v2\/users\/1"}],"replies":[{"embeddable":true,"href":"https:\/\/vipexperiences.mx\/pt\/wp-json\/wp\/v2\/comments?post=71145"}],"version-history":[{"count":0,"href":"https:\/\/vipexperiences.mx\/pt\/wp-json\/wp\/v2\/posts\/71145\/revisions"}],"wp:featuredmedia":[{"embeddable":true,"href":"https:\/\/vipexperiences.mx\/pt\/wp-json\/wp\/v2\/media\/62110"}],"wp:attachment":[{"href":"https:\/\/vipexperiences.mx\/pt\/wp-json\/wp\/v2\/media?parent=71145"}],"wp:term":[{"taxonomy":"category","embeddable":true,"href":"https:\/\/vipexperiences.mx\/pt\/wp-json\/wp\/v2\/categories?post=71145"},{"taxonomy":"post_tag","embeddable":true,"href":"https:\/\/vipexperiences.mx\/pt\/wp-json\/wp\/v2\/tags?post=71145"}],"curies":[{"name":"wp","href":"https:\/\/api.w.org\/{rel}","templated":true}]}}