{"id":70883,"date":"2021-02-03T00:00:00","date_gmt":"2021-02-03T00:00:00","guid":{"rendered":"https:\/\/vipexperiences.mx\/peugeot-mexico-nombra-nuevo-director-a-gerardo-carmona\/"},"modified":"2021-02-03T00:00:00","modified_gmt":"2021-02-03T00:00:00","slug":"peugeot-mexico-nombra-nuevo-director-a-gerardo-carmona","status":"publish","type":"post","link":"https:\/\/vipexperiences.mx\/pt\/2021\/02\/03\/peugeot-mexico-nombra-nuevo-director-a-gerardo-carmona\/","title":{"rendered":"Peugeot Mexico nombra Nuevo Director a Gerardo Carmona"},"content":{"rendered":"<p><strong>Gerardo Carmona<\/strong> toma el puesto de Director General de Peugeot M\u00e9xico en remplazo de <strong>Igor Dumas<\/strong>.<\/p>\n<p>Dumas deja la posici\u00f3n de Director General \u2013 Peugeot M\u00e9xico \/ Director Zona Panamericana para evolucionar dentro de Stellantis como Director General de OPEL Francia.<\/p>\n<p>En esta nueva posici\u00f3n, a partir del 1 de febrero, <strong>Gerardo se convierte en el primer mexicano en tomar el liderazgo de la filial mexicana<\/strong>, al mismo tiempo que la misma pasa a formar parte de la nueva regi\u00f3n Stellantis Norte Am\u00e9rica.<\/p>\n<p>Mientras el resto del antiguo per\u00edmetro de Dumas (Chile e Importadores LATAM) permanece dentro de la regi\u00f3n Am\u00e9rica Latina bajo un nuevo liderazgo.<\/p>\n<figure id=\"attachment_22945\" aria-describedby=\"caption-attachment-22945\" style=\"width: 352px\" class=\"wp-caption alignleft\"><img fetchpriority=\"high\" decoding=\"async\" class=\"wp-image-22945 size-thumbnail\" src=\"https:\/\/vipexperiences.mx\/wp-content\/uploads\/2021\/02\/Foto-Gerardo-C-362x400.jpg\" alt=\"\" width=\"362\" height=\"400\" \/><figcaption id=\"caption-attachment-22945\" class=\"wp-caption-text\">Gerardo Carmona, Director General de Peugeot M\u00e9xico<\/figcaption><\/figure>\n<p>\u201c<em>Este importante cambio viene en un momento clave, en el que culminamos el t\u00e9rmino de nuestro plan Together to Pass, que hicimos en conjunto con nuestra red de concesionarios, y cuyo objetivo de duplicar nuestra participaci\u00f3n de mercado de 2016 (0.49%) en 5 a\u00f1os \u2013 hasta 2021 \u2013 lo hemos logrado un a\u00f1o antes, ya en 2020 con 1.02%\u201d,<\/em> <strong>resalt\u00f3 Igor Dumas<\/strong>.<\/p>\n<p>\u201c<em>Estoy seguro de que, bajo el liderazgo de Gerardo, el fuerte equipo de direcci\u00f3n y una red de concesionarios tan profesional y comprometida, adem\u00e1s de un fant\u00e1stico portafolio de producto completamente renovado, la marca Peugeot seguir\u00e1 creciendo fuertemente en M\u00e9xico<\/em>\u201d, <strong>concluy\u00f3<\/strong>.<\/p>\n<p>Gerardo toma el puesto despu\u00e9s de ocupar el cargo de <strong>Director de Marketing de la filial mexicana durante tres a\u00f1os<\/strong>.<\/p>\n<p>Antes de incorporarse a la marca Peugeot, Gerardo tuvo una larga carrera en el grupo Renault-Nissan.<\/p>\n<p>Su \u00faltimo puesto fue Director Global de Marketing Producto para Infiniti, despu\u00e9s de haber pasado por diversas posiciones en M\u00e9xico, Chile, Hong Kong y Jap\u00f3n.<\/p>\n<p>\u201c<em>La marca Peugeot en M\u00e9xico vive un momento especial en nuestro mercado, con una tendencia muy positiva de crecimiento importante en cada uno de sus indicadores. Haremos todo lo necesario para continuar con esta excelente trayectoria en conjunto con nuestro robusto comit\u00e9 de direcci\u00f3n y nuestra red de concesionarios de alto desempe\u00f1o<\/em>\u201d, <strong>coment\u00f3 Gerardo Carmona<\/strong>.<\/p>\n<figure id=\"attachment_22947\" aria-describedby=\"caption-attachment-22947\" style=\"width: 1014px\" class=\"wp-caption aligncenter\"><img decoding=\"async\" class=\"wp-image-22947 size-full\" src=\"https:\/\/vipexperiences.mx\/wp-content\/uploads\/2021\/02\/EsDmtb7WMAEzfqS.jpeg\" alt=\"\" width=\"1024\" height=\"576\" \/><figcaption id=\"caption-attachment-22947\" class=\"wp-caption-text\">Fotos: Peugeot M\u00e9xico<\/figcaption><\/figure>\n<p>Con informaci\u00f3n de Peugeot<\/p>\n<h6>TAMB\u00c9M PODE INTERESSAR-LHE:<\/h6>\n<p><a href=\"https:\/\/vipexperiences.mx\/pt\/2021\/02\/01\/canada-suspende-vuelos-a-mexico-hasta-el-30-de-abril\/\">CANAD\u00c1 SUSPENDE VUELOS A M\u00c9XICO HASTA EL 30 DE ABRIL<\/a><\/p>\n<p><a href=\"https:\/\/vipexperiences.mx\/pt\/2021\/01\/25\/conoce-la-nueva-ley-de-teletrabajo-de-la-mano-de-macdonel-uribe-y-esquivel-abogados\/\">CONOCE LA NUEVA LEY DE TELETRABAJO DE LA MANO DE MACDONEL,\u00a0URIBE Y ESQUIVEL ABOGADOS<\/a><\/p>\n<p><a href=\"https:\/\/vipexperiences.mx\/pt\/2021\/01\/26\/unifin-coloca-bono-por-400-mdd-a-8-anos\/\">UNIFIN COLOCA BONO POR 400 MDD A 8 A\u00d1OS<\/a><\/p>","protected":false},"excerpt":{"rendered":"<p>Gerardo Carmona toma el puesto de Director General de Peugeot M\u00e9xico en remplazo de Igor Dumas. Dumas deja la posici\u00f3n de Director General \u2013 Peugeot M\u00e9xico \/ Director Zona Panamericana para evolucionar dentro de Stellantis como Director General de OPEL Francia. En esta nueva posici\u00f3n, a partir del 1 de febrero, Gerardo se convierte en &#8230; <a title=\"Peugeot Mexico nombra Nuevo Director a Gerardo Carmona\" class=\"read-more\" href=\"https:\/\/vipexperiences.mx\/pt\/2021\/02\/03\/peugeot-mexico-nombra-nuevo-director-a-gerardo-carmona\/\" aria-label=\"Leia mais sobre Peugeot Mexico nombra Nuevo Director a Gerardo Carmona\">Ler mais<\/a><\/p>","protected":false},"author":1,"featured_media":61240,"comment_status":"open","ping_status":"closed","sticky":false,"template":"","format":"standard","meta":{"_uag_custom_page_level_css":"","footnotes":""},"categories":[20],"tags":[2495,3762,213,6494,6495,46],"class_list":["post-70883","post","type-post","status-publish","format-standard","has-post-thumbnail","hentry","category-business","tag-finanzas","tag-industria-automotriz","tag-negocios","tag-nuevo-director","tag-peugeot-mexico","tag-tendencias"],"uagb_featured_image_src":{"full":["https:\/\/vipexperiences.mx\/wp-content\/uploads\/2024\/06\/Peugeot-208-1-750x450-1-jpg.webp",750,450,false],"thumbnail":["https:\/\/vipexperiences.mx\/wp-content\/uploads\/2024\/06\/Peugeot-208-1-750x450-1-150x150.webp",150,150,true],"medium":["https:\/\/vipexperiences.mx\/wp-content\/uploads\/2024\/06\/Peugeot-208-1-750x450-1-300x180.webp",300,180,true],"medium_large":["https:\/\/vipexperiences.mx\/wp-content\/uploads\/2024\/06\/Peugeot-208-1-750x450-1-jpg.webp",750,450,false],"large":["https:\/\/vipexperiences.mx\/wp-content\/uploads\/2024\/06\/Peugeot-208-1-750x450-1-jpg.webp",750,450,false],"1536x1536":["https:\/\/vipexperiences.mx\/wp-content\/uploads\/2024\/06\/Peugeot-208-1-750x450-1-jpg.webp",750,450,false],"2048x2048":["https:\/\/vipexperiences.mx\/wp-content\/uploads\/2024\/06\/Peugeot-208-1-750x450-1-jpg.webp",750,450,false],"trp-custom-language-flag":["https:\/\/vipexperiences.mx\/wp-content\/uploads\/2024\/06\/Peugeot-208-1-750x450-1-18x12.webp",18,12,true]},"uagb_author_info":{"display_name":"admin","author_link":"https:\/\/vipexperiences.mx\/pt\/author\/soporte_4z6oqe9k\/"},"uagb_comment_info":0,"uagb_excerpt":"Gerardo Carmona toma el puesto de Director General de Peugeot M\u00e9xico en remplazo de Igor Dumas. Dumas deja la posici\u00f3n de Director General \u2013 Peugeot M\u00e9xico \/ Director Zona Panamericana para evolucionar dentro de Stellantis como Director General de OPEL Francia. En esta nueva posici\u00f3n, a partir del 1 de febrero, Gerardo se convierte en&hellip;","_links":{"self":[{"href":"https:\/\/vipexperiences.mx\/pt\/wp-json\/wp\/v2\/posts\/70883","targetHints":{"allow":["GET"]}}],"collection":[{"href":"https:\/\/vipexperiences.mx\/pt\/wp-json\/wp\/v2\/posts"}],"about":[{"href":"https:\/\/vipexperiences.mx\/pt\/wp-json\/wp\/v2\/types\/post"}],"author":[{"embeddable":true,"href":"https:\/\/vipexperiences.mx\/pt\/wp-json\/wp\/v2\/users\/1"}],"replies":[{"embeddable":true,"href":"https:\/\/vipexperiences.mx\/pt\/wp-json\/wp\/v2\/comments?post=70883"}],"version-history":[{"count":0,"href":"https:\/\/vipexperiences.mx\/pt\/wp-json\/wp\/v2\/posts\/70883\/revisions"}],"wp:featuredmedia":[{"embeddable":true,"href":"https:\/\/vipexperiences.mx\/pt\/wp-json\/wp\/v2\/media\/61240"}],"wp:attachment":[{"href":"https:\/\/vipexperiences.mx\/pt\/wp-json\/wp\/v2\/media?parent=70883"}],"wp:term":[{"taxonomy":"category","embeddable":true,"href":"https:\/\/vipexperiences.mx\/pt\/wp-json\/wp\/v2\/categories?post=70883"},{"taxonomy":"post_tag","embeddable":true,"href":"https:\/\/vipexperiences.mx\/pt\/wp-json\/wp\/v2\/tags?post=70883"}],"curies":[{"name":"wp","href":"https:\/\/api.w.org\/{rel}","templated":true}]}}