{"id":69272,"date":"2020-07-15T00:00:00","date_gmt":"2020-07-15T00:00:00","guid":{"rendered":"https:\/\/vipexperiences.mx\/columna-que-quieres-proyectar-triunfa-con-la-primera-impresion\/"},"modified":"2020-07-15T00:00:00","modified_gmt":"2020-07-15T00:00:00","slug":"columna-que-quieres-proyectar-triunfa-con-la-primera-impresion","status":"publish","type":"post","link":"https:\/\/vipexperiences.mx\/pt\/2020\/07\/15\/columna-que-quieres-proyectar-triunfa-con-la-primera-impresion\/","title":{"rendered":"Columna. \u00bfQu\u00e9 quieres proyectar? Triunfa con la primera impresi\u00f3n"},"content":{"rendered":"<p><strong>Columna. La mirada del espejo\u00a0<\/strong><br \/>\n<strong>Por Jackie Mortera,<\/strong>\u00a0<strong>Life &amp; Executive Coach<\/strong><br \/>\n<strong><a href=\"http:\/\/www.jackiemortera.com\/\" target=\"_blank\" rel=\"noopener\">www.jackiemortera.com<\/a><\/strong><\/p>\n<p><strong>Tan s\u00f3lo <\/strong><strong>30 segundos es el tiempo<\/strong> que necesitamos para obtener la primera impresi\u00f3n de nuestros interlocutores.<\/p>\n<p>Considerando es lapso de tiempo y que sabemos que la imagen personal transmite y proyecta informaci\u00f3n, bajo esa premisa, <strong>hay que estar seguros de lo que queremos proyectar<\/strong>.<\/p>\n<p><strong>La imagen personal comunica cualidades<\/strong>: seguridad, credibilidad, sensibilidad, fuerza creatividad, entre otras.<\/p>\n<p><img fetchpriority=\"high\" decoding=\"async\" class=\"size-full wp-image-12224 alignleft\" src=\"https:\/\/vipexperiences.mx\/wp-content\/uploads\/2020\/07\/Jackie-Negocios-1.png\" alt=\"\" width=\"449\" height=\"580\" \/>Tambi\u00e9n proyecta y transmite informaci\u00f3n <strong>a trav\u00e9s de los c\u00f3digos de la imagen y los elementos que lo compone<\/strong>: indumentaria, estilo, voz, mirada, postura corporal, trato, saludo, etc.<\/p>\n<p>Y, por supuesto, una buena actitud, <strong>la cual hay que\u00a0saber manejarla de una forma integral.<\/strong><\/p>\n<h6><strong>La primera impresi\u00f3n lo dice todo<\/strong><\/h6>\n<p><strong>\u00a0<\/strong>Todo elemento de comunicaci\u00f3n, como la voz, los gestos, las palabras o la indumentaria, <strong>necesita de conocimiento, valoraci\u00f3n y observaci\u00f3n<\/strong> para tomar la decisi\u00f3n correcta de su uso.<\/p>\n<p><strong>Siempre proyectamos y transmitimos informaci\u00f3n constante.<\/strong>\u00a0Conocerse, valorarse y aceptarse, es clave para proyectar y transmitir una imagen personal aut\u00e9ntica, segura y cre\u00edble.<\/p>\n<p>Si t\u00fa est\u00e1s bien con tu imagen y te aceptas, los dem\u00e1s te aceptar\u00e1n. <strong>Tienes que saber dar visibilidad a tu imagen<\/strong> para que comunique lo que realmente quieres decir, siendo consciente que no puedes agradarle a todo el mundo.<\/p>\n<h4>\u00ab<strong>Siempre recuerda que no hay segundas oportunidades para la primera impresi\u00f3n\u00bb<\/strong><\/h4>\n<h6><strong>Cuida tu imagen personal <\/strong><\/h6>\n<p>La ropa tiene que ir alineada a tu personalidad, ya que si es de forma contraria esto restar\u00e1 credibilidad a tu comunicaci\u00f3n.<\/p>\n<p>Gestionar la comunicaci\u00f3n de la imagen personal para que transmita lo que quieres decir (proyectando las cualidades oportunas en cualquier actividad y entorno personal y profesional con identidad) <strong>es b\u00e1sico\u00a0para obtener visibilidad, posicionamiento y venta<\/strong>.<\/p>\n<p><strong>Recuerda que lo que somos y c\u00f3mo lo proyectamos<\/strong> es lo que nos ayuda a tener una mejor relaci\u00f3n con nuestro entorno y lo que queremos proyectar.<\/p>\n<p>El lugar donde trabajamos o lo que emprendemos tiene que ir acorde a nuestros valores, misi\u00f3n y creencias, <strong>ya que de esta forma podemos ser nosotros mismos y proyectar realmente lo que somos<\/strong>, sin disfraces ni armaduras.<\/p>\n<p><strong>TAMB\u00c9M PODE INTERESSAR-LHE:<\/strong><\/p>\n<p><a href=\"https:\/\/vipexperiences.mx\/pt\/2020\/07\/13\/es-oficial-los-washington-redskins-anuncian-cambio-de-nombre-y-logotipo\/\">ES OFICIAL: LOS WASHINGTON REDSKINS ANUNCIAN CAMBIO DE NOMBRE Y LOGOTIPO<\/a><\/p>\n<p><a href=\"https:\/\/vipexperiences.mx\/pt\/2020\/06\/24\/columna-que-tan-importante-es-la-imagen-empresarial\/\">COLUMNA. \u00bfQU\u00c9 TAN IMPORTANTE ES LA IMAGEN EMPRESARIAL?<\/a><\/p>\n<p><a href=\"https:\/\/vipexperiences.mx\/pt\/2020\/07\/08\/columna-la-imagen-empresarial-en-tiempos-de-coronavirus\/\">COLUMNA. LA IMAGEN EMPRESARIAL EN TIEMPOS DE CORONAVIRUS<\/a><\/p>","protected":false},"excerpt":{"rendered":"<p>Columna. La mirada del espejo\u00a0 Por Jackie Mortera,\u00a0Life &amp; Executive Coach www.jackiemortera.com Tan s\u00f3lo 30 segundos es el tiempo que necesitamos para obtener la primera impresi\u00f3n de nuestros interlocutores. Considerando es lapso de tiempo y que sabemos que la imagen personal transmite y proyecta informaci\u00f3n, bajo esa premisa, hay que estar seguros de lo que &#8230; <a title=\"Columna. \u00bfQu\u00e9 quieres proyectar? Triunfa con la primera impresi\u00f3n\" class=\"read-more\" href=\"https:\/\/vipexperiences.mx\/pt\/2020\/07\/15\/columna-que-quieres-proyectar-triunfa-con-la-primera-impresion\/\" aria-label=\"Leia mais sobre Columna. \u00bfQu\u00e9 quieres proyectar? Triunfa con la primera impresi\u00f3n\">Ler mais<\/a><\/p>","protected":false},"author":1,"featured_media":55243,"comment_status":"open","ping_status":"closed","sticky":false,"template":"","format":"standard","meta":{"_uag_custom_page_level_css":"","footnotes":""},"categories":[21],"tags":[3389,1947,2301,3840,3841,3842,3843],"class_list":["post-69272","post","type-post","status-publish","format-standard","has-post-thumbnail","hentry","category-luxury-lifestyle","tag-buena-comunicacion","tag-coaching","tag-consejos","tag-estilo-de-vida","tag-imagen-personal","tag-primera-impresion","tag-tips-de-primera-impresion"],"uagb_featured_image_src":{"full":["https:\/\/vipexperiences.mx\/wp-content\/uploads\/2024\/06\/alvin-mahmudov-DnJioJ8nhxI-unsplash-jpg.webp",1600,900,false],"thumbnail":["https:\/\/vipexperiences.mx\/wp-content\/uploads\/2024\/06\/alvin-mahmudov-DnJioJ8nhxI-unsplash-150x150.webp",150,150,true],"medium":["https:\/\/vipexperiences.mx\/wp-content\/uploads\/2024\/06\/alvin-mahmudov-DnJioJ8nhxI-unsplash-300x169.webp",300,169,true],"medium_large":["https:\/\/vipexperiences.mx\/wp-content\/uploads\/2024\/06\/alvin-mahmudov-DnJioJ8nhxI-unsplash-768x432.webp",768,432,true],"large":["https:\/\/vipexperiences.mx\/wp-content\/uploads\/2024\/06\/alvin-mahmudov-DnJioJ8nhxI-unsplash-1024x576.webp",1024,576,true],"1536x1536":["https:\/\/vipexperiences.mx\/wp-content\/uploads\/2024\/06\/alvin-mahmudov-DnJioJ8nhxI-unsplash-1536x864.webp",1536,864,true],"2048x2048":["https:\/\/vipexperiences.mx\/wp-content\/uploads\/2024\/06\/alvin-mahmudov-DnJioJ8nhxI-unsplash-jpg.webp",1600,900,false],"trp-custom-language-flag":["https:\/\/vipexperiences.mx\/wp-content\/uploads\/2024\/06\/alvin-mahmudov-DnJioJ8nhxI-unsplash-18x10.webp",18,10,true]},"uagb_author_info":{"display_name":"admin","author_link":"https:\/\/vipexperiences.mx\/pt\/author\/soporte_4z6oqe9k\/"},"uagb_comment_info":0,"uagb_excerpt":"Columna. La mirada del espejo\u00a0 Por Jackie Mortera,\u00a0Life &amp; Executive Coach www.jackiemortera.com Tan s\u00f3lo 30 segundos es el tiempo que necesitamos para obtener la primera impresi\u00f3n de nuestros interlocutores. Considerando es lapso de tiempo y que sabemos que la imagen personal transmite y proyecta informaci\u00f3n, bajo esa premisa, hay que estar seguros de lo que&hellip;","_links":{"self":[{"href":"https:\/\/vipexperiences.mx\/pt\/wp-json\/wp\/v2\/posts\/69272","targetHints":{"allow":["GET"]}}],"collection":[{"href":"https:\/\/vipexperiences.mx\/pt\/wp-json\/wp\/v2\/posts"}],"about":[{"href":"https:\/\/vipexperiences.mx\/pt\/wp-json\/wp\/v2\/types\/post"}],"author":[{"embeddable":true,"href":"https:\/\/vipexperiences.mx\/pt\/wp-json\/wp\/v2\/users\/1"}],"replies":[{"embeddable":true,"href":"https:\/\/vipexperiences.mx\/pt\/wp-json\/wp\/v2\/comments?post=69272"}],"version-history":[{"count":0,"href":"https:\/\/vipexperiences.mx\/pt\/wp-json\/wp\/v2\/posts\/69272\/revisions"}],"wp:featuredmedia":[{"embeddable":true,"href":"https:\/\/vipexperiences.mx\/pt\/wp-json\/wp\/v2\/media\/55243"}],"wp:attachment":[{"href":"https:\/\/vipexperiences.mx\/pt\/wp-json\/wp\/v2\/media?parent=69272"}],"wp:term":[{"taxonomy":"category","embeddable":true,"href":"https:\/\/vipexperiences.mx\/pt\/wp-json\/wp\/v2\/categories?post=69272"},{"taxonomy":"post_tag","embeddable":true,"href":"https:\/\/vipexperiences.mx\/pt\/wp-json\/wp\/v2\/tags?post=69272"}],"curies":[{"name":"wp","href":"https:\/\/api.w.org\/{rel}","templated":true}]}}