{"id":71147,"date":"2021-03-14T00:00:00","date_gmt":"2021-03-14T00:00:00","guid":{"rendered":"https:\/\/vipexperiences.mx\/hoy-es-el-gran-derbi-conoce-a-los-jugadores-claves-de-su-historia\/"},"modified":"2021-03-14T00:00:00","modified_gmt":"2021-03-14T00:00:00","slug":"hoy-es-el-gran-derbi-conoce-a-los-jugadores-claves-de-su-historia","status":"publish","type":"post","link":"https:\/\/vipexperiences.mx\/it\/2021\/03\/14\/hoy-es-el-gran-derbi-conoce-a-los-jugadores-claves-de-su-historia\/","title":{"rendered":"Hoy es \u00abEl gran derbi\u00bb, conoce a los jugadores claves de su historia"},"content":{"rendered":"<p style=\"background: white; margin: 0cm 0cm 15.75pt 0cm;\"><span style=\"font-size: 10.5pt; font-family: 'Verdana',sans-serif; color: black;\">Ma\u00f1ana se disputa uno de los cl\u00e1sicos de mayor tradici\u00f3n en LaLiga, en donde dos mexicanos tienen un papel protag\u00f3nicos por el buen paso de su equipo. <\/span><\/p>\n<p style=\"background: white; margin: 0cm 0cm 15.75pt 0cm;\"><span style=\"font-size: 10.5pt; font-family: 'Verdana',sans-serif; color: black;\"><strong>Andr\u00e9s Guardado y Diego Lainez atraviesan una gran temporada en Espa\u00f1a<\/strong>, as\u00ed que este partido es el escenario perfecto para saber c\u00f3mo han experimentado este a\u00f1o.<\/span><\/p>\n<p style=\"background: white; margin: 0cm 0cm 15.75pt 0cm;\"><span style=\"font-size: 10.5pt; font-family: 'Verdana',sans-serif; color: black;\">Previo al encuentro, <strong>esta semana Guardado habl\u00f3 para &#8216;Todo Al Verde\u2019 de Betis TV sobre su compatriota, <\/strong>quien este a\u00f1o ha visto m\u00e1s actividad en los partidos:<\/span><\/p>\n<div style=\"width: 1200px;\" class=\"wp-video\"><video class=\"wp-video-shortcode\" id=\"video-71147-1\" width=\"1200\" height=\"675\" preload=\"metadata\" controls=\"controls\"><source type=\"video\/mp4\" src=\"https:\/\/vipexperiences.mx\/wp-content\/uploads\/2021\/03\/ESP_Andre\u0301s-Guardado-sobre-Diego-Lai\u0301nez-Real-Betis.mp4?_=1\" \/><a href=\"https:\/\/vipexperiences.mx\/wp-content\/uploads\/2021\/03\/ESP_Andre\u0301s-Guardado-sobre-Diego-Lai\u0301nez-Real-Betis.mp4\">https:\/\/vipexperiences.mx\/wp-content\/uploads\/2021\/03\/ESP_Andre\u0301s-Guardado-sobre-Diego-Lai\u0301nez-Real-Betis.mp4<\/a><\/video><\/div>\n<p><em>Video: LaLiga<\/em><\/p>\n<p style=\"background: white; margin: 0cm 0cm 15.75pt 0cm;\"><span style=\"font-size: 10.5pt; font-family: 'Verdana',sans-serif; color: black;\">El derbi de Sevilla, entre el Real Betis y Sevilla, <strong>es uno de los m\u00e1s apasionantes y excitantes de Espa\u00f1a y Europa<\/strong>. <\/span><\/p>\n<p style=\"background: white; margin: 0cm 0cm 15.75pt 0cm;\"><span style=\"font-size: 10.5pt; font-family: 'Verdana',sans-serif; color: black;\">El amor por los clubes es muy fuerte, <strong>no solo entre los aficionados<\/strong>, sino tambi\u00e9n entre los jugadores.<\/span><\/p>\n<p style=\"background: white; margin: 0cm 0cm 15.75pt 0cm;\"><span style=\"font-size: 10.5pt; font-family: 'Verdana',sans-serif; color: black;\">As\u00ed que aqu\u00ed est\u00e1n algunos de los m\u00e1s ic\u00f3nicos que el derbi haya visto en los \u00faltimos a\u00f1os.<\/span><\/p>\n<h6 style=\"background: white; margin: 0cm 0cm 15.75pt 0cm;\"><span style=\"font-size: 10.5pt; font-family: 'Verdana',sans-serif; color: black;\">Joaqu\u00edn (Real Betis, 2000-2006 y 2015-presente)<\/span><\/h6>\n<p style=\"background: white; margin: 0cm 0cm 15.75pt 0cm;\"><span style=\"font-size: 10.5pt; font-family: 'Verdana',sans-serif; color: black;\">No hay nadie que represente al Real Betis como Joaqu\u00edn. No solo es el actual capit\u00e1n del club, sino que tambi\u00e9n es un incondicional y accionista del Real Betis. Ha jugado algunos derbis \u00e9picos a lo largo de los a\u00f1os, pero el m\u00e1s especial podr\u00eda ser el primer encuentro de la temporada 2018\/19 cuando sali\u00f3 del banquillo para marcar el \u00fanico gol del partido a 10 minutos del final, provocando el delirio absoluto en las gradas.<\/span><\/p>\n<h6 style=\"background: white; margin: 0cm 0cm 15.75pt 0cm;\"><span style=\"font-size: 10.5pt; font-family: 'Verdana',sans-serif; color: black;\">Jos\u00e9 Antonio Reyes (Sevilla, 2000-2004 y 2012-2016)<\/span><\/h6>\n<p style=\"background: white; margin: 0cm 0cm 15.75pt 0cm;\"><span style=\"font-size: 10.5pt; font-family: 'Verdana',sans-serif; color: black;\">Reyes es para los aficionados del Sevilla lo que Joaqu\u00edn es para los fieles del Betis. \u00c9l es uno de los suyos, ha pasado por la academia del Sevilla y ha protagonizado algunos momentos especiales del derbi. Con cinco goles marcados en este partido, Reyes es el m\u00e1ximo anotador en los derbis del siglo XXI. A lo largo de su carrera ha jugado en 17 partidos de la ciudad en las filas del Sevilla y tiene un maravilloso r\u00e9cord, con ocho victorias, siete empates y solo dos derrotas. Falleci\u00f3 tr\u00e1gicamente en un accidente de tr\u00e1fico en 2019.<\/span><\/p>\n<h6 style=\"background: white; margin: 0cm 0cm 15.75pt 0cm;\"><span style=\"font-size: 10.5pt; font-family: 'Verdana',sans-serif; color: black;\">Beto (Sevilla, 2013-2016)<\/span><\/h6>\n<p style=\"background: white; margin: 0cm 0cm 15.75pt 0cm;\"><span style=\"font-size: 10.5pt; font-family: 'Verdana',sans-serif; color: black;\">Uno de los derbis en los que Reyes anot\u00f3 fue en la edici\u00f3n de la Europa League de 2013\/14 en un partido de octavos de final entre estos dos rivales. El Real Betis hab\u00eda ganado el partido de ida por 2-0 en el estadio S\u00e1nchez-Pizju\u00e1n de Sevilla antes de que los goles de Reyes y Carlos Bacca igualaran el marcador global llevando el partido a los penaltis. El portero Beto estaba a punto de convertirse en una leyenda del derbi sevillano. El internacional portugu\u00e9s salv\u00f3 dos penaltis entre gritos y el Sevilla sigui\u00f3 adelante hasta ganar la Europa League de ese a\u00f1o. De todos sus triunfos en la Europa League, puede que este haya sido el m\u00e1s dulce puesto que \u00a1derrotaron a sus rivales en el camino!<\/span><\/p>\n<h6 style=\"background: white; margin: 0cm 0cm 15.75pt 0cm;\"><span style=\"font-size: 10.5pt; font-family: 'Verdana',sans-serif; color: black;\">Dani Alves (Sevilla, 2002-2008)<\/span><\/h6>\n<p style=\"background: white; margin: 0cm 0cm 15.75pt 0cm;\"><span style=\"font-size: 10.5pt; font-family: 'Verdana',sans-serif; color: black;\">Antes de unirse al Barcelona, <\/span><span style=\"font-size: 10.5pt; font-family: 'Arial',sans-serif; color: black;\">\u200b\u200b<\/span><span style=\"font-size: 10.5pt; font-family: 'Verdana',sans-serif; color: black;\">Dani Alves dio sus primeros pasos en el f\u00fatbol espa\u00f1ol con el Sevilla y se convirti\u00f3 en un favorito de los aficionados durante sus seis temporadas en el S\u00e1nchez-Pizju\u00e1n. Su r\u00e9cord en los derbis fue excelente, ganando seis, empatando cuatro y perdiendo solo dos. A pesar de jugar como lateral derecho, incluso anot\u00f3 dos veces en estos partidos y ambos goles contribuyeron a la victoria.<\/span><\/p>\n<h6 style=\"background: white; margin: 0cm 0cm 15.75pt 0cm;\"><span style=\"font-size: 10.5pt; font-family: 'Verdana',sans-serif; color: black;\">Luis Aragon\u00e9s (Real Betis, 1961-1964)<\/span><\/h6>\n<p style=\"background: white; margin: 0cm 0cm 15.75pt 0cm;\"><span style=\"font-size: 10.5pt; font-family: 'Verdana',sans-serif; color: black;\">Luis Aragon\u00e9s es m\u00e1s conocido por su \u00e9xito en el Atl\u00e9tico de Madrid, pero tambi\u00e9n pas\u00f3 tres fruct\u00edferos a\u00f1os en el Real Betis, tiempo durante el cual anot\u00f3 seis goles en el derbi ante el Sevilla. Su salida m\u00e1s famosa en el derbi fue un partido de LaLiga en la temporada 1962\/63 cuando anot\u00f3 los dos goles en una victoria por 2-1 frente a los aficionados locales verdiblancos. Ya como entrenador, m\u00e1s tarde, entren\u00f3 a ambos clubes en diferentes momentos de su carrera.<\/span><\/p>\n<p style=\"background: white; margin: 0cm 0cm 15.75pt 0cm;\"><em><span style=\"font-size: 10.5pt; font-family: 'Verdana',sans-serif; color: black;\">Con informaci\u00f3n de LaLiga<\/span><\/em><\/p>\n<p><strong>TAMBI\u00c9N PODR\u00cdA INTERESARTE:<\/strong><\/p>\n<div class=\"single-title post-title entry-title is-size-1\">\n<p><a href=\"https:\/\/vipexperiences.mx\/it\/2021\/03\/12\/puma-y-peanuts-lanza-colecciones-con-personajes-de-la-pandilla\/\">PUMA Y PEANUTS LANZA COLECCIONES CON PERSONAJES DE LA PANDILLA<\/a><\/p>\n<\/div>\n<p><a href=\"https:\/\/vipexperiences.mx\/it\/2021\/03\/11\/cinco-cosas-que-quizas-no-sepas-sobre-el-gran-derbi\/\">CINCO COSAS QUE QUIZ\u00c1S NO SEPAS SOBRE EL GRAN DERBI<\/a><\/p>\n<p><a href=\"https:\/\/vipexperiences.mx\/it\/2021\/03\/09\/the-macallan-revela-anecdotes-of-ages-una-colaboracion-con-sir-peter-blake\/\">THE MACALLAN REVELA ANECDOTES OF AGES, UNA COLABORACI\u00d3N CON SIR PETER BLAKE<\/a><\/p>","protected":false},"excerpt":{"rendered":"<p>Ma\u00f1ana se disputa uno de los cl\u00e1sicos de mayor tradici\u00f3n en LaLiga, en donde dos mexicanos tienen un papel protag\u00f3nicos por el buen paso de su equipo. Andr\u00e9s Guardado y Diego Lainez atraviesan una gran temporada en Espa\u00f1a, as\u00ed que este partido es el escenario perfecto para saber c\u00f3mo han experimentado este a\u00f1o. Previo al &#8230; <a title=\"Hoy es \u00abEl gran derbi\u00bb, conoce a los jugadores claves de su historia\" class=\"read-more\" href=\"https:\/\/vipexperiences.mx\/it\/2021\/03\/14\/hoy-es-el-gran-derbi-conoce-a-los-jugadores-claves-de-su-historia\/\" aria-label=\"Per saperne di pi\u00f9 su Hoy es \u00abEl gran derbi\u00bb, conoce a los jugadores claves de su historia\">Leggi tutto<\/a><\/p>","protected":false},"author":1,"featured_media":62119,"comment_status":"open","ping_status":"closed","sticky":false,"template":"","format":"standard","meta":{"_uag_custom_page_level_css":"","footnotes":""},"categories":[21],"tags":[6924,2785,1731,6953,6926,1017,6954,6928,1079,6930,6955,54],"class_list":["post-71147","post","type-post","status-publish","format-standard","has-post-thumbnail","hentry","category-luxury-lifestyle","tag-andres-guardado","tag-clasico","tag-deportes","tag-derbi-de-sevilla","tag-diego-lainez","tag-futbol","tag-futbol-espanol","tag-laliga","tag-lifestyle","tag-mexicanos-en-el-extranjero","tag-mexicanos-en-europa","tag-video"],"uagb_featured_image_src":{"full":["https:\/\/vipexperiences.mx\/wp-content\/uploads\/2024\/06\/El-Gran-Derbi-Matchday-17-ene.2021-13-jpg.webp",1600,1067,false],"thumbnail":["https:\/\/vipexperiences.mx\/wp-content\/uploads\/2024\/06\/El-Gran-Derbi-Matchday-17-ene.2021-13-150x150.webp",150,150,true],"medium":["https:\/\/vipexperiences.mx\/wp-content\/uploads\/2024\/06\/El-Gran-Derbi-Matchday-17-ene.2021-13-300x200.webp",300,200,true],"medium_large":["https:\/\/vipexperiences.mx\/wp-content\/uploads\/2024\/06\/El-Gran-Derbi-Matchday-17-ene.2021-13-768x512.webp",768,512,true],"large":["https:\/\/vipexperiences.mx\/wp-content\/uploads\/2024\/06\/El-Gran-Derbi-Matchday-17-ene.2021-13-1024x683.webp",1024,683,true],"1536x1536":["https:\/\/vipexperiences.mx\/wp-content\/uploads\/2024\/06\/El-Gran-Derbi-Matchday-17-ene.2021-13-1536x1024.webp",1536,1024,true],"2048x2048":["https:\/\/vipexperiences.mx\/wp-content\/uploads\/2024\/06\/El-Gran-Derbi-Matchday-17-ene.2021-13-jpg.webp",1600,1067,false],"trp-custom-language-flag":["https:\/\/vipexperiences.mx\/wp-content\/uploads\/2024\/06\/El-Gran-Derbi-Matchday-17-ene.2021-13-18x12.webp",18,12,true]},"uagb_author_info":{"display_name":"admin","author_link":"https:\/\/vipexperiences.mx\/it\/author\/soporte_4z6oqe9k\/"},"uagb_comment_info":0,"uagb_excerpt":"Ma\u00f1ana se disputa uno de los cl\u00e1sicos de mayor tradici\u00f3n en LaLiga, en donde dos mexicanos tienen un papel protag\u00f3nicos por el buen paso de su equipo. Andr\u00e9s Guardado y Diego Lainez atraviesan una gran temporada en Espa\u00f1a, as\u00ed que este partido es el escenario perfecto para saber c\u00f3mo han experimentado este a\u00f1o. Previo al&hellip;","_links":{"self":[{"href":"https:\/\/vipexperiences.mx\/it\/wp-json\/wp\/v2\/posts\/71147","targetHints":{"allow":["GET"]}}],"collection":[{"href":"https:\/\/vipexperiences.mx\/it\/wp-json\/wp\/v2\/posts"}],"about":[{"href":"https:\/\/vipexperiences.mx\/it\/wp-json\/wp\/v2\/types\/post"}],"author":[{"embeddable":true,"href":"https:\/\/vipexperiences.mx\/it\/wp-json\/wp\/v2\/users\/1"}],"replies":[{"embeddable":true,"href":"https:\/\/vipexperiences.mx\/it\/wp-json\/wp\/v2\/comments?post=71147"}],"version-history":[{"count":0,"href":"https:\/\/vipexperiences.mx\/it\/wp-json\/wp\/v2\/posts\/71147\/revisions"}],"wp:featuredmedia":[{"embeddable":true,"href":"https:\/\/vipexperiences.mx\/it\/wp-json\/wp\/v2\/media\/62119"}],"wp:attachment":[{"href":"https:\/\/vipexperiences.mx\/it\/wp-json\/wp\/v2\/media?parent=71147"}],"wp:term":[{"taxonomy":"category","embeddable":true,"href":"https:\/\/vipexperiences.mx\/it\/wp-json\/wp\/v2\/categories?post=71147"},{"taxonomy":"post_tag","embeddable":true,"href":"https:\/\/vipexperiences.mx\/it\/wp-json\/wp\/v2\/tags?post=71147"}],"curies":[{"name":"wp","href":"https:\/\/api.w.org\/{rel}","templated":true}]}}