{"id":71036,"date":"2021-02-26T00:00:00","date_gmt":"2021-02-26T00:00:00","guid":{"rendered":"https:\/\/vipexperiences.mx\/la-ceremonia-73-de-los-oscar-2021-no-sera-un-evento-virtual\/"},"modified":"2021-02-26T00:00:00","modified_gmt":"2021-02-26T00:00:00","slug":"la-ceremonia-73-de-los-oscar-2021-no-sera-un-evento-virtual","status":"publish","type":"post","link":"https:\/\/vipexperiences.mx\/it\/2021\/02\/26\/la-ceremonia-73-de-los-oscar-2021-no-sera-un-evento-virtual\/","title":{"rendered":"La 73a cerimonia degli Oscar 2021 non sar\u00e0 un evento virtuale."},"content":{"rendered":"<p>Seg\u00fan un reporte de medios, la ceremonia de premiaci\u00f3n de los Oscar 2021 no ser\u00e1 un evento virtual, <strong>este se llevar\u00e1 a cabo de tradicional como una transmisi\u00f3n presencial<\/strong>.<\/p>\n<p>Adem\u00e1s, se menciona que la Academia de las Artes y Ciencias Cinematogr\u00e1ficas traslad\u00f3 la 73 edici\u00f3n de la gala de entrega de sus premios al 25 de abril de 2021.<\/p>\n<p>Recorre la fecha para que los cines puedan estar abiertos de nuevo en la primavera<strong>, lo que\u00a0permitir\u00e1 que compitan m\u00e1s pel\u00edculas por los galardones.<\/strong><\/p>\n<p>La gala de entrega de los premios suele celebrarse en el Dolby Theater de Los \u00c1ngeles, con una capacidad de 3 mil 400 personas.<\/p>\n<p>Sin embargo, <strong>por motivos de la pandemia a\u00fan no est\u00e1 definido cu\u00e1nta gente podr\u00e1 asistir a este evento<\/strong>.<\/p>\n<blockquote class=\"twitter-tweet\" data-width=\"550\" data-dnt=\"true\">\n<p lang=\"en\" dir=\"ltr\">Thank you for celebrating <a href=\"https:\/\/twitter.com\/hashtag\/GlobalMovieDay?src=hash&amp;ref_src=twsrc%5Etfw\" target=\"_blank\" rel=\"noopener\">#GlobalMovieDay<\/a> with us! Mark your calendars for <a href=\"https:\/\/twitter.com\/hashtag\/OscarNoms?src=hash&amp;ref_src=twsrc%5Etfw\" target=\"_blank\" rel=\"noopener\">#OscarNoms<\/a> on March 15! <a href=\"https:\/\/t.co\/htqjerFM6G\">pic.twitter.com\/htqjerFM6G<\/a><\/p>\n<p>&mdash; The Academy (@TheAcademy) <a href=\"https:\/\/twitter.com\/TheAcademy\/status\/1360801069635411969?ref_src=twsrc%5Etfw\" target=\"_blank\" rel=\"noopener\">February 14, 2021<\/a><\/p><\/blockquote>\n<p><script async src=\"https:\/\/platform.twitter.com\/widgets.js\" charset=\"utf-8\"><\/script><\/p>\n<p>\u201cLa Academia revis\u00f3\u00a0recientemente el Dolby para analizar todas las opciones posibles\u201d, agreg\u00f3 el reporte, citando a un publicista conocedor de la situaci\u00f3n.<\/p>\n<p>Ni la Academia ni la cadena ABC \u2014propiedad de Walt Disney y encargada de la transmisi\u00f3n del evento\u2014 respondieron de inmediato a solicitudes de comentarios.<\/p>\n<p>La entrega de los premios televisivos Emmy, realizada en septiembre, utiliz\u00f3 un formato virtual.<\/p>\n<p>Aparte del presentador,\u00a0Jimmy Kimmel, <strong>s\u00f3lo pudo estar presente el personal de producci\u00f3n y un pu\u00f1ado de estrellas en el lugar de la gala<\/strong>, el Staples Center de Los \u00c1ngeles.<\/p>\n<p>A pesar de ello, la Academia se inclina por una celebraci\u00f3n f\u00edsica que depender\u00e1 de las circunstancias del momento.<\/p>\n<p><strong>TAMBI\u00c9N PODR\u00cdA INTERESARTE:<\/strong><\/p>\n<p><a href=\"https:\/\/vipexperiences.mx\/it\/2021\/02\/22\/conoce-a-los-protagonistas-de-sky-rojo-la-serie-de-netflix-que-se-estrena-en-marzo\/\">CONOCE A LOS PROTAGONISTAS DE SKY ROJO, LA SERIE DE NETFLIX QUE SE ESTRENA EN MARZO<\/a><\/p>\n<p><a href=\"https:\/\/vipexperiences.mx\/it\/2021\/02\/19\/el-nba-all-star-2021-se-jugara-el-7-de-marzo-en-atlanta\/\">EL NBA ALL-STAR 2021 SE JUGAR\u00c1 EL 7 DE MARZO EN ATLANTA<\/a><\/p>\n<p><a href=\"https:\/\/vipexperiences.mx\/it\/2021\/02\/24\/amazon-prime-video-anuncia-nueva-serie-de-all-or-nothing-con-la-juventus-de-cr7\/\">AMAZON PRIME VIDEO ANUNCIA NUEVA SERIE DE ALL OR NOTHING\u00a0CON LA JUVENTUS DE CR7<\/a><\/p>","protected":false},"excerpt":{"rendered":"<p>Secondo un rapporto dei media, la cerimonia di premiazione degli Oscar 2021 non sar\u00e0 un evento virtuale, ma si terr\u00e0 come una tradizionale telecronaca in persona. Inoltre, viene menzionato che l'Academy of Motion Picture Arts and Sciences ha spostato la 73\u00aa edizione del suo gala di premiazione alla 25\u00aa ... <a title=\"La 73a cerimonia degli Oscar 2021 non sar\u00e0 un evento virtuale.\" class=\"read-more\" href=\"https:\/\/vipexperiences.mx\/it\/2021\/02\/26\/la-ceremonia-73-de-los-oscar-2021-no-sera-un-evento-virtual\/\" aria-label=\"Per saperne di pi\u00f9 su La ceremonia 73 de los Oscar 2021 no ser\u00e1 un evento virtual\">Leggi tutto<\/a><\/p>","protected":false},"author":1,"featured_media":61781,"comment_status":"open","ping_status":"closed","sticky":false,"template":"","format":"standard","meta":{"_uag_custom_page_level_css":"","footnotes":""},"categories":[21],"tags":[612,6775,2104,477,3030,1099,6776,6777,2011,6778,46,54],"class_list":["post-71036","post","type-post","status-publish","format-standard","has-post-thumbnail","hentry","category-luxury-lifestyle","tag-cine","tag-dolby-theater","tag-entretenimiento","tag-estados-unidos","tag-hollywood","tag-los-angeles","tag-mejor-pelicula","tag-oscar-2021","tag-pandemia","tag-premios-de-la-academia","tag-tendencias","tag-video"],"uagb_featured_image_src":{"full":["https:\/\/vipexperiences.mx\/wp-content\/uploads\/2024\/06\/pexels-paul-deetman-2695679-jpg.webp",1280,838,false],"thumbnail":["https:\/\/vipexperiences.mx\/wp-content\/uploads\/2024\/06\/pexels-paul-deetman-2695679-150x150.webp",150,150,true],"medium":["https:\/\/vipexperiences.mx\/wp-content\/uploads\/2024\/06\/pexels-paul-deetman-2695679-300x196.webp",300,196,true],"medium_large":["https:\/\/vipexperiences.mx\/wp-content\/uploads\/2024\/06\/pexels-paul-deetman-2695679-768x503.webp",768,503,true],"large":["https:\/\/vipexperiences.mx\/wp-content\/uploads\/2024\/06\/pexels-paul-deetman-2695679-1024x670.webp",1024,670,true],"1536x1536":["https:\/\/vipexperiences.mx\/wp-content\/uploads\/2024\/06\/pexels-paul-deetman-2695679-jpg.webp",1280,838,false],"2048x2048":["https:\/\/vipexperiences.mx\/wp-content\/uploads\/2024\/06\/pexels-paul-deetman-2695679-jpg.webp",1280,838,false],"trp-custom-language-flag":["https:\/\/vipexperiences.mx\/wp-content\/uploads\/2024\/06\/pexels-paul-deetman-2695679-18x12.webp",18,12,true]},"uagb_author_info":{"display_name":"admin","author_link":"https:\/\/vipexperiences.mx\/it\/author\/soporte_4z6oqe9k\/"},"uagb_comment_info":0,"uagb_excerpt":"Seg\u00fan un reporte de medios, la ceremonia de premiaci\u00f3n de los Oscar 2021 no ser\u00e1 un evento virtual, este se llevar\u00e1 a cabo de tradicional como una transmisi\u00f3n presencial. Adem\u00e1s, se menciona que la Academia de las Artes y Ciencias Cinematogr\u00e1ficas traslad\u00f3 la 73 edici\u00f3n de la gala de entrega de sus premios al 25&hellip;","_links":{"self":[{"href":"https:\/\/vipexperiences.mx\/it\/wp-json\/wp\/v2\/posts\/71036","targetHints":{"allow":["GET"]}}],"collection":[{"href":"https:\/\/vipexperiences.mx\/it\/wp-json\/wp\/v2\/posts"}],"about":[{"href":"https:\/\/vipexperiences.mx\/it\/wp-json\/wp\/v2\/types\/post"}],"author":[{"embeddable":true,"href":"https:\/\/vipexperiences.mx\/it\/wp-json\/wp\/v2\/users\/1"}],"replies":[{"embeddable":true,"href":"https:\/\/vipexperiences.mx\/it\/wp-json\/wp\/v2\/comments?post=71036"}],"version-history":[{"count":0,"href":"https:\/\/vipexperiences.mx\/it\/wp-json\/wp\/v2\/posts\/71036\/revisions"}],"wp:featuredmedia":[{"embeddable":true,"href":"https:\/\/vipexperiences.mx\/it\/wp-json\/wp\/v2\/media\/61781"}],"wp:attachment":[{"href":"https:\/\/vipexperiences.mx\/it\/wp-json\/wp\/v2\/media?parent=71036"}],"wp:term":[{"taxonomy":"category","embeddable":true,"href":"https:\/\/vipexperiences.mx\/it\/wp-json\/wp\/v2\/categories?post=71036"},{"taxonomy":"post_tag","embeddable":true,"href":"https:\/\/vipexperiences.mx\/it\/wp-json\/wp\/v2\/tags?post=71036"}],"curies":[{"name":"wp","href":"https:\/\/api.w.org\/{rel}","templated":true}]}}