{"id":70960,"date":"2021-02-12T00:00:00","date_gmt":"2021-02-12T00:00:00","guid":{"rendered":"https:\/\/vipexperiences.mx\/recorta-banxico-tasa-de-interes-a-4-su-primera-reduccion-del-ano\/"},"modified":"2021-02-12T00:00:00","modified_gmt":"2021-02-12T00:00:00","slug":"recorta-banxico-tasa-de-interes-a-4-su-primera-reduccion-del-ano","status":"publish","type":"post","link":"https:\/\/vipexperiences.mx\/it\/2021\/02\/12\/recorta-banxico-tasa-de-interes-a-4-su-primera-reduccion-del-ano\/","title":{"rendered":"Recorta Banxico tasa de inter\u00e9s a 4%, su primera reducci\u00f3n del a\u00f1o"},"content":{"rendered":"<p>La Junta de Gobierno del Banco de M\u00e9xico (Banxico) <strong>decidi\u00f3 reducir en 25 puntos base la\u00a0tasa de inter\u00e9s de referencia a 4%<\/strong>.<\/p>\n<p>Esto en un contexto en el que la actividad econ\u00f3mica en M\u00e9xico tuvo una contracci\u00f3n en 2020, debido a la pandemia del\u00a0coronavirus, <strong>que causa la enfermedad COVID-19\u00a0y pese al repunte de la inflaci\u00f3n en enero de este a\u00f1o<\/strong>.<\/p>\n<p>\u201c<em>Es necesario salvaguardar el \u00e1mbito\u00a0institucional, fortalecer los fundamentos macroecon\u00f3micos y adoptar las acciones necesarias en los\u00a0\u00e1mbitos monetario y fiscal, para propiciar un mejor ajuste de los mercados financieros nacionales y de\u00a0la econom\u00eda en su conjunto<\/em>\u201d, <strong>refiri\u00f3<\/strong>.<\/p>\n<p>Asimismo, se se\u00f1al\u00f3 que hubo una mejor\u00eda en el \u00faltimo trimestre de 2020 a un ritmo ligeramente mayor al previsto, <strong>aunque por debajo de los niveles previos a la pandemia<\/strong>, en un entorno incierto y con riesgos a la baja.<\/p>\n<blockquote class=\"twitter-tweet\" data-width=\"550\" data-dnt=\"true\">\n<p lang=\"es\" dir=\"ltr\">Con la presencia de todos sus miembros, la Junta de Gobierno del <a href=\"https:\/\/twitter.com\/hashtag\/BancodeM%C3%A9xico?src=hash&amp;ref_src=twsrc%5Etfw\" target=\"_blank\" rel=\"noopener\">#BancodeM\u00e9xico<\/a> decidi\u00f3 por unanimidad, reducir la Tasa de Inter\u00e9s Interbancaria a un d\u00eda a un nivel de 4.00% con efectos a partir del 12 de febrero de 2021.<br \/>Consulta el comunicado en: <a href=\"https:\/\/t.co\/mu0AqZr1yJ\">https:\/\/t.co\/mu0AqZr1yJ<\/a> <a href=\"https:\/\/t.co\/bEc2aUXmzQ\">pic.twitter.com\/bEc2aUXmzQ<\/a><\/p>\n<p>&mdash; Banco de M\u00e9xico (@Banxico) <a href=\"https:\/\/twitter.com\/Banxico\/status\/1359940863644770304?ref_src=twsrc%5Etfw\" target=\"_blank\" rel=\"noopener\">February 11, 2021<\/a><\/p><\/blockquote>\n<p><script async src=\"https:\/\/platform.twitter.com\/widgets.js\" charset=\"utf-8\"><\/script><\/p>\n<p>En tanto, la inflaci\u00f3n general anual se redujo de 4.09% en octubre<strong>, su mayor nivel del 2020, a 3.54% en enero de 2021<\/strong>, mientras que la subyacente disminuy\u00f3 de 3.98% a 3.84%.<\/p>\n<p>\u201c<em>Las expectativas de la inflaci\u00f3n general para el cierre de 2021 aumentaron ligeramente y las de mediano y largo plazos se mantuvieron estables en niveles superiores a la meta de 3 por ciento<\/em>\u201d, <strong>destac\u00f3<\/strong>.<\/p>\n<p>Hacia el segundo semestre, Banxico anticipa aumentos en la inflaci\u00f3n general\u00a0asociados principalmente a los efectos de la reducci\u00f3n en\u00a0los precios de los energ\u00e9ticos del a\u00f1o pasado, y una trayectoria decreciente a partir del segundo\u00a0semestre.<\/p>\n<p>El instituto central manifest\u00f3 que, ante los retos para\u00a0la inflaci\u00f3n, la actividad econ\u00f3mica y los mercados financieros,\u00a0<strong>es necesario propiciar\u00a0un ajuste ordenado y que permita un cambio en precios relativos<\/strong>.<\/p>\n<p>Tal ajuste sin afectar el proceso de formaci\u00f3n de precios y las expectativas de inflaci\u00f3n.<\/p>\n<p>&nbsp;<\/p>\n<h6>POTREBBE INTERESSARTI ANCHE:<\/h6>\n<p><a href=\"https:\/\/vipexperiences.mx\/it\/2021\/02\/11\/sube-inflacion-por-aumento-en-energeticos-y-algunos-alimentos\/\">SUBE INFLACI\u00d3N POR AUMENTO EN ENERG\u00c9TICOS Y ALGUNOS ALIMENTOS<\/a><\/p>\n<p><a href=\"https:\/\/vipexperiences.mx\/it\/2021\/02\/08\/en-enero-stellantis-reporto-ventas-de-4915-unidades-en-mexico\/\">EN ENERO STELLANTIS REPORTO\u0301 VENTAS DE 4,915 UNIDADES EN ME\u0301XICO<\/a><\/p>\n<p><a href=\"https:\/\/vipexperiences.mx\/it\/2021\/02\/10\/blacklane-invierte-en-havn-el-servicio-de-chofer-totalmente-electrico-de-londres\/\">BLACKLANE INVIERTE EN HAVN, EL SERVICIO DE CHOFER TOTALMENTE EL\u00c9CTRICO DE LONDRES<\/a><\/p>","protected":false},"excerpt":{"rendered":"<p>La Junta de Gobierno del Banco de M\u00e9xico (Banxico) decidi\u00f3 reducir en 25 puntos base la\u00a0tasa de inter\u00e9s de referencia a 4%. Esto en un contexto en el que la actividad econ\u00f3mica en M\u00e9xico tuvo una contracci\u00f3n en 2020, debido a la pandemia del\u00a0coronavirus, que causa la enfermedad COVID-19\u00a0y pese al repunte de la inflaci\u00f3n &#8230; <a title=\"Recorta Banxico tasa de inter\u00e9s a 4%, su primera reducci\u00f3n del a\u00f1o\" class=\"read-more\" href=\"https:\/\/vipexperiences.mx\/it\/2021\/02\/12\/recorta-banxico-tasa-de-interes-a-4-su-primera-reduccion-del-ano\/\" aria-label=\"Per saperne di pi\u00f9 su Recorta Banxico tasa de inter\u00e9s a 4%, su primera reducci\u00f3n del a\u00f1o\">Leggi tutto<\/a><\/p>","protected":false},"author":1,"featured_media":61513,"comment_status":"open","ping_status":"closed","sticky":false,"template":"","format":"standard","meta":{"_uag_custom_page_level_css":"","footnotes":""},"categories":[20],"tags":[2358,2044,2495,252,213,6669,6385,46],"class_list":["post-70960","post","type-post","status-publish","format-standard","has-post-thumbnail","hentry","category-business","tag-banxico","tag-economia","tag-finanzas","tag-mexico","tag-negocios","tag-recorte","tag-tasa-de-interes","tag-tendencias"],"uagb_featured_image_src":{"full":["https:\/\/vipexperiences.mx\/wp-content\/uploads\/2024\/06\/money-3417721_1280-2-jpg.webp",1280,960,false],"thumbnail":["https:\/\/vipexperiences.mx\/wp-content\/uploads\/2024\/06\/money-3417721_1280-2-150x150.webp",150,150,true],"medium":["https:\/\/vipexperiences.mx\/wp-content\/uploads\/2024\/06\/money-3417721_1280-2-300x225.webp",300,225,true],"medium_large":["https:\/\/vipexperiences.mx\/wp-content\/uploads\/2024\/06\/money-3417721_1280-2-768x576.webp",768,576,true],"large":["https:\/\/vipexperiences.mx\/wp-content\/uploads\/2024\/06\/money-3417721_1280-2-1024x768.webp",1024,768,true],"1536x1536":["https:\/\/vipexperiences.mx\/wp-content\/uploads\/2024\/06\/money-3417721_1280-2-jpg.webp",1280,960,false],"2048x2048":["https:\/\/vipexperiences.mx\/wp-content\/uploads\/2024\/06\/money-3417721_1280-2-jpg.webp",1280,960,false],"trp-custom-language-flag":["https:\/\/vipexperiences.mx\/wp-content\/uploads\/2024\/06\/money-3417721_1280-2-16x12.webp",16,12,true]},"uagb_author_info":{"display_name":"admin","author_link":"https:\/\/vipexperiences.mx\/it\/author\/soporte_4z6oqe9k\/"},"uagb_comment_info":0,"uagb_excerpt":"La Junta de Gobierno del Banco de M\u00e9xico (Banxico) decidi\u00f3 reducir en 25 puntos base la\u00a0tasa de inter\u00e9s de referencia a 4%. Esto en un contexto en el que la actividad econ\u00f3mica en M\u00e9xico tuvo una contracci\u00f3n en 2020, debido a la pandemia del\u00a0coronavirus, que causa la enfermedad COVID-19\u00a0y pese al repunte de la inflaci\u00f3n&hellip;","_links":{"self":[{"href":"https:\/\/vipexperiences.mx\/it\/wp-json\/wp\/v2\/posts\/70960","targetHints":{"allow":["GET"]}}],"collection":[{"href":"https:\/\/vipexperiences.mx\/it\/wp-json\/wp\/v2\/posts"}],"about":[{"href":"https:\/\/vipexperiences.mx\/it\/wp-json\/wp\/v2\/types\/post"}],"author":[{"embeddable":true,"href":"https:\/\/vipexperiences.mx\/it\/wp-json\/wp\/v2\/users\/1"}],"replies":[{"embeddable":true,"href":"https:\/\/vipexperiences.mx\/it\/wp-json\/wp\/v2\/comments?post=70960"}],"version-history":[{"count":0,"href":"https:\/\/vipexperiences.mx\/it\/wp-json\/wp\/v2\/posts\/70960\/revisions"}],"wp:featuredmedia":[{"embeddable":true,"href":"https:\/\/vipexperiences.mx\/it\/wp-json\/wp\/v2\/media\/61513"}],"wp:attachment":[{"href":"https:\/\/vipexperiences.mx\/it\/wp-json\/wp\/v2\/media?parent=70960"}],"wp:term":[{"taxonomy":"category","embeddable":true,"href":"https:\/\/vipexperiences.mx\/it\/wp-json\/wp\/v2\/categories?post=70960"},{"taxonomy":"post_tag","embeddable":true,"href":"https:\/\/vipexperiences.mx\/it\/wp-json\/wp\/v2\/tags?post=70960"}],"curies":[{"name":"wp","href":"https:\/\/api.w.org\/{rel}","templated":true}]}}