{"id":71994,"date":"2021-08-26T00:00:00","date_gmt":"2021-08-26T00:00:00","guid":{"rendered":"https:\/\/vipexperiences.mx\/checa-todas-las-novedades-en-laliga-para-esta-semana\/"},"modified":"2021-08-26T00:00:00","modified_gmt":"2021-08-26T00:00:00","slug":"checa-todas-las-novedades-en-laliga-para-esta-semana","status":"publish","type":"post","link":"https:\/\/vipexperiences.mx\/en\/2021\/08\/26\/checa-todas-las-novedades-en-laliga-para-esta-semana\/","title":{"rendered":"Checa todas las novedades en LaLiga para esta semana"},"content":{"rendered":"<p>Aqu\u00ed te presentamos 10 de las noticias m\u00e1s importantes<strong>, desde la segunda jornada de la nueva temporada hasta los \u00faltimos fichajes<\/strong>.<\/p>\n<p>La segunda jornada de LaLiga Santander 2021\/22 ha sido de lo m\u00e1s emocionante: <strong>los nuevos fichajes siguen llegando al futbol espa\u00f1ol<\/strong>, y se han cerrado varias renovaciones de contratos de alto nivel.<\/p>\n<p>Esto es todo lo que necesitas saber sobre LaLiga esta semana.<\/p>\n<h6>Los campeones est\u00e1n en lo m\u00e1s alto<\/h6>\n<p>Aunque s\u00f3lo sea la segunda semana de la temporada, el vigente campe\u00f3n, el Atl\u00e9tico de Madrid, ha vuelto a ocupar el lugar que ocupaba la temporada pasada.<\/p>\n<p>Los Rojiblancos\u00a0son el \u00fanico equipo que ha sumado seis puntos de los seis posibles en lo que va de temporada, tras derrotar al RC Celta y al Elche CF, aunque el Sevilla tambi\u00e9n podr\u00eda sumar seis puntos el lunes por la noche. Todos los dem\u00e1s equipos ya han perdido puntos en la competitiva Primera Divisi\u00f3n.<\/p>\n<figure id=\"attachment_28805\" aria-describedby=\"caption-attachment-28805\" style=\"width: 1070px\" class=\"wp-caption aligncenter\"><img fetchpriority=\"high\" decoding=\"async\" class=\"wp-image-28805 size-full\" src=\"https:\/\/vipexperiences.mx\/wp-content\/uploads\/2021\/08\/CLEAN_Angel-Correa-three-goals-in-two-games-to-start-the-season.jpg\" alt=\"\" width=\"1080\" height=\"1350\" \/><figcaption id=\"caption-attachment-28805\" class=\"wp-caption-text\">Imagen: LaLiga<\/figcaption><\/figure>\n<h6>Primeros empates para Barcelona y Real Madrid<\/h6>\n<p>El Barcelona y el Real Madrid cedieron sus primeros puntos de la nueva temporada en la segunda jornada, al hacerlo en casa del Athletic Club y del Levante, respectivamente. Los dos partidos se saldaron con emocionantes empates: Memphis Depay marc\u00f3 su primer gol oficial con el Bar\u00e7a para que su equipo empatara a uno, y Vin\u00edcius marc\u00f3 dos goles en la remontada del Real Madrid para un resultado final de 3-3.<\/p>\n<h6>Vin\u00edcius y Correa lideran la clasificaci\u00f3n del Pichichi<\/h6>\n<p>La carrera por el trofeo Pichichi al m\u00e1ximo goleador de LaLiga Santander ya est\u00e1 al rojo vivo, con Vin\u00edcius, del Real Madrid, y \u00c1ngel Correa, del Atleti, en cabeza con tres goles cada uno. Han comenzado la temporada de forma brillante, marcando en los dos partidos que han disputado hasta ahora.<\/p>\n<h6>Rafa Mir vuelve a LaLiga<\/h6>\n<p>El Sevilla ha ganado la carrera por el fichaje de Rafa Mir, un delantero espa\u00f1ol muy solicitado que procede del Wolves. Cedido a la SD Huesca la pasada temporada, vuelve a Primera Divisi\u00f3n para ayudar al Sevilla en su lucha por el t\u00edtulo. Despu\u00e9s de marcar 13 goles en LaLiga Santander el pasado curso y tras causar impresi\u00f3n con Espa\u00f1a en los Juegos Ol\u00edmpicos, la llegada del jugador de 24 a\u00f1os despierta una gran expectaci\u00f3n.<\/p>\n<h6>Benzema ampl\u00eda su contrato hasta 2023<\/h6>\n<p>Karim Benzema seguir\u00e1 liderando el ataque del Real Madrid durante al menos dos a\u00f1os m\u00e1s, ya que el delantero ha acordado la ampliaci\u00f3n de su contrato con\u00a0Los Blancos. Su contrato expiraba al final de esta temporada, pero el Real Madrid se ha asegurado de seguir contando con el delantero que lleg\u00f3 en 2009 durante un par de a\u00f1os m\u00e1s.<\/p>\n<figure id=\"attachment_28804\" aria-describedby=\"caption-attachment-28804\" style=\"width: 670px\" class=\"wp-caption aligncenter\"><img decoding=\"async\" class=\"wp-image-28804 size-full\" src=\"https:\/\/vipexperiences.mx\/wp-content\/uploads\/2021\/08\/ESP_Vinicius-Jr-Real-Madrid-match-stats-vs-Levante.jpg\" alt=\"\" width=\"680\" height=\"680\" \/><figcaption id=\"caption-attachment-28804\" class=\"wp-caption-text\">Imagen: LaLiga<\/figcaption><\/figure>\n<h6>El Villarreal se hace con el segundo fichaje m\u00e1s caro de su historia<\/h6>\n<p>El Villarreal demostr\u00f3 la temporada pasada que puede competir ante cualquiera, pero no se duerme en los laureles y ha completado algunos fichajes de lujo este verano. El \u00faltimo es la adquisici\u00f3n del extremo Arnaut Danjuma, procedente del AFC Bournemouth, y el internacional holand\u00e9s se convierte en el segundo fichaje m\u00e1s caro de la historia del\u00a0Submarino Amarillo, s\u00f3lo por detr\u00e1s del de Paco Alc\u00e1cer.<\/p>\n<h6>El nuevo portero del Granada<\/h6>\n<p>El Granada llevaba varias semanas detr\u00e1s de Lu\u00eds Maximiano, del Sporting CP, y por fin tiene a su hombre. Uno de los principales objetivos del Estadio Nuevo Los C\u00e1rmenes era incorporar a un nuevo portero este verano y Maximiano es uno de los mejores j\u00f3venes guardametas de Europa.<\/p>\n<h6>Pezzella y el Real Betis vuelven a estar juntos<\/h6>\n<p>El central Germ\u00e1n Pezzella vuelve a LaLiga Santander con el Real Betis. El argentino regresa para reforzar la l\u00ednea defensiva de los\u00a0Verdiblancos, con los que estuvo entre 2015 y 2017, tras su paso por Italia con la Fiorentina.<\/p>\n<figure id=\"attachment_28803\" aria-describedby=\"caption-attachment-28803\" style=\"width: 670px\" class=\"wp-caption aligncenter\"><img decoding=\"async\" class=\"wp-image-28803 size-full\" src=\"https:\/\/vipexperiences.mx\/wp-content\/uploads\/2021\/08\/ESP_Fer-Nin\u0303o-RCD-Mallorca-match-stats-vs-Alaves.jpg\" alt=\"\" width=\"680\" height=\"383\" \/><figcaption id=\"caption-attachment-28803\" class=\"wp-caption-text\">Imagen: LaLiga<\/figcaption><\/figure>\n<h6>Llorente se compromete hasta 2027<\/h6>\n<p>Marcos Llorente fue uno de los mejores y m\u00e1s importantes jugadores del Atl\u00e9tico de Madrid en la pasada temporada en la que consigui\u00f3 el t\u00edtulo. Ahora, el club ha decidido prolongar el contrato del polivalente espa\u00f1ol hasta 2027, siguiendo los pasos de otros jugadores clave como Stefan Savic o Jos\u00e9 Mar\u00eda Gim\u00e9nez.<\/p>\n<h6>Benedetto refuerza el ataque del Elche<\/h6>\n<p>El Elche ha completado esta semana un interesante fichaje, al incorporar al delantero argentino Dar\u00edo Benedetto. El ex delantero del Club Am\u00e9rica y de Boca Juniors ya sabe lo que es marcar en Espa\u00f1a, ya que anot\u00f3 en la final de la Copa Libertadores 2018 entre Boca y River Plate en el Bernab\u00e9u. Ahora intentar\u00e1 poner su nombre en los marcadores del resto de campos espa\u00f1oles.<\/p>\n<p><em>Con informaci\u00f3n de LaLiga<\/em><\/p>\n<p><strong>TAMBIEN TE PODR\u00cdA INTERESAR:<\/strong><\/p>\n<p><a href=\"https:\/\/vipexperiences.mx\/en\/2021\/08\/14\/bailar-de-kalimba-y-jiggy-drama-mas-vale-bailar-sola-que-mal-acompanada\/\">\u201cBAILAR\u201d DE KALIMBA Y JIGGY DRAMA: M\u00c1S VALE BAILAR SOLA QUE MAL ACOMPA\u00d1ADA<\/a><\/p>\n<p><a href=\"https:\/\/vipexperiences.mx\/en\/2021\/08\/18\/el-juego-de-las-llaves-estrena-segunda-temporada-en-septiembre\/\">EL JUEGO DE LAS LLAVES ESTRENA SEGUNDA TEMPORADA EN SEPTIEMBRE<\/a><\/p>\n<p><a href=\"https:\/\/vipexperiences.mx\/en\/2021\/08\/23\/usain-bolt-elevo-la-fiebre-olimpica-con-la-campana-michelob-ultra-pass\/\">USAIN BOLT ELEV\u00d3 LA FIEBRE OL\u00cdMPICA CON LA CAMPA\u00d1A MICHELOB ULTRA PASS<\/a><\/p>","protected":false},"excerpt":{"rendered":"<p>Aqu\u00ed te presentamos 10 de las noticias m\u00e1s importantes, desde la segunda jornada de la nueva temporada hasta los \u00faltimos fichajes. La segunda jornada de LaLiga Santander 2021\/22 ha sido de lo m\u00e1s emocionante: los nuevos fichajes siguen llegando al futbol espa\u00f1ol, y se han cerrado varias renovaciones de contratos de alto nivel. Esto es &#8230; <a title=\"Checa todas las novedades en LaLiga para esta semana\" class=\"read-more\" href=\"https:\/\/vipexperiences.mx\/en\/2021\/08\/26\/checa-todas-las-novedades-en-laliga-para-esta-semana\/\" aria-label=\"Read more about Checa todas las novedades en LaLiga para esta semana\">Read more<\/a><\/p>","protected":false},"author":1,"featured_media":64976,"comment_status":"open","ping_status":"closed","sticky":false,"template":"","format":"standard","meta":{"_uag_custom_page_level_css":"","footnotes":""},"categories":[21],"tags":[7352,295,1731,1017,6954,6928,1079,4388,4078,46],"class_list":["post-71994","post","type-post","status-publish","format-standard","has-post-thumbnail","hentry","category-luxury-lifestyle","tag-atletico-de-madrid","tag-barcelona","tag-deportes","tag-futbol","tag-futbol-espanol","tag-laliga","tag-lifestyle","tag-noticias","tag-real-madrid","tag-tendencias"],"uagb_featured_image_src":{"full":["https:\/\/vipexperiences.mx\/wp-content\/uploads\/2024\/06\/Vitolo-joins-Getafe-CF-on-loan-from-Atletico-de-Madrid-1536x1024-1-jpeg.webp",1536,1024,false],"thumbnail":["https:\/\/vipexperiences.mx\/wp-content\/uploads\/2024\/06\/Vitolo-joins-Getafe-CF-on-loan-from-Atletico-de-Madrid-1536x1024-1-150x150.webp",150,150,true],"medium":["https:\/\/vipexperiences.mx\/wp-content\/uploads\/2024\/06\/Vitolo-joins-Getafe-CF-on-loan-from-Atletico-de-Madrid-1536x1024-1-300x200.webp",300,200,true],"medium_large":["https:\/\/vipexperiences.mx\/wp-content\/uploads\/2024\/06\/Vitolo-joins-Getafe-CF-on-loan-from-Atletico-de-Madrid-1536x1024-1-768x512.webp",768,512,true],"large":["https:\/\/vipexperiences.mx\/wp-content\/uploads\/2024\/06\/Vitolo-joins-Getafe-CF-on-loan-from-Atletico-de-Madrid-1536x1024-1-1024x683.webp",1024,683,true],"1536x1536":["https:\/\/vipexperiences.mx\/wp-content\/uploads\/2024\/06\/Vitolo-joins-Getafe-CF-on-loan-from-Atletico-de-Madrid-1536x1024-1-jpeg.webp",1536,1024,false],"2048x2048":["https:\/\/vipexperiences.mx\/wp-content\/uploads\/2024\/06\/Vitolo-joins-Getafe-CF-on-loan-from-Atletico-de-Madrid-1536x1024-1-jpeg.webp",1536,1024,false],"trp-custom-language-flag":["https:\/\/vipexperiences.mx\/wp-content\/uploads\/2024\/06\/Vitolo-joins-Getafe-CF-on-loan-from-Atletico-de-Madrid-1536x1024-1-18x12.webp",18,12,true]},"uagb_author_info":{"display_name":"admin","author_link":"https:\/\/vipexperiences.mx\/en\/author\/soporte_4z6oqe9k\/"},"uagb_comment_info":0,"uagb_excerpt":"Aqu\u00ed te presentamos 10 de las noticias m\u00e1s importantes, desde la segunda jornada de la nueva temporada hasta los \u00faltimos fichajes. La segunda jornada de LaLiga Santander 2021\/22 ha sido de lo m\u00e1s emocionante: los nuevos fichajes siguen llegando al futbol espa\u00f1ol, y se han cerrado varias renovaciones de contratos de alto nivel. Esto es&hellip;","_links":{"self":[{"href":"https:\/\/vipexperiences.mx\/en\/wp-json\/wp\/v2\/posts\/71994","targetHints":{"allow":["GET"]}}],"collection":[{"href":"https:\/\/vipexperiences.mx\/en\/wp-json\/wp\/v2\/posts"}],"about":[{"href":"https:\/\/vipexperiences.mx\/en\/wp-json\/wp\/v2\/types\/post"}],"author":[{"embeddable":true,"href":"https:\/\/vipexperiences.mx\/en\/wp-json\/wp\/v2\/users\/1"}],"replies":[{"embeddable":true,"href":"https:\/\/vipexperiences.mx\/en\/wp-json\/wp\/v2\/comments?post=71994"}],"version-history":[{"count":0,"href":"https:\/\/vipexperiences.mx\/en\/wp-json\/wp\/v2\/posts\/71994\/revisions"}],"wp:featuredmedia":[{"embeddable":true,"href":"https:\/\/vipexperiences.mx\/en\/wp-json\/wp\/v2\/media\/64976"}],"wp:attachment":[{"href":"https:\/\/vipexperiences.mx\/en\/wp-json\/wp\/v2\/media?parent=71994"}],"wp:term":[{"taxonomy":"category","embeddable":true,"href":"https:\/\/vipexperiences.mx\/en\/wp-json\/wp\/v2\/categories?post=71994"},{"taxonomy":"post_tag","embeddable":true,"href":"https:\/\/vipexperiences.mx\/en\/wp-json\/wp\/v2\/tags?post=71994"}],"curies":[{"name":"wp","href":"https:\/\/api.w.org\/{rel}","templated":true}]}}