{"id":69252,"date":"2020-07-14T00:00:00","date_gmt":"2020-07-14T00:00:00","guid":{"rendered":"https:\/\/vipexperiences.mx\/aerolineas-mexicanas-en-riesgo-de-caer-en-bancarrota-por-el-covid-19\/"},"modified":"2020-07-14T00:00:00","modified_gmt":"2020-07-14T00:00:00","slug":"aerolineas-mexicanas-en-riesgo-de-caer-en-bancarrota-por-el-covid-19","status":"publish","type":"post","link":"https:\/\/vipexperiences.mx\/en\/2020\/07\/14\/aerolineas-mexicanas-en-riesgo-de-caer-en-bancarrota-por-el-covid-19\/","title":{"rendered":"Aerol\u00edneas mexicanas en riesgo de caer en bancarrota por el COVID-19"},"content":{"rendered":"<p>Otras aerol\u00edneas mexicanas se suman a Aerom\u00e9xico ante <strong>el riesgo de caer en el cap\u00edtulo 11 de la Ley de Quiebras<\/strong> de Estados Unidos.<\/p>\n<p>La raz\u00f3n es su nivel de deuda y que <strong>ya no se espera una pronta recuperaci\u00f3n<\/strong> a causa de la pandemia.<\/p>\n<p><a href=\"https:\/\/vipexperiences.mx\/en\/2020\/03\/28\/lcc-group-la-opcion-en-comercio-exterior\/\"><img fetchpriority=\"high\" decoding=\"async\" class=\"size-full wp-image-6569 alignleft\" src=\"https:\/\/vipexperiences.mx\/wp-content\/uploads\/2020\/04\/LCC-Group-Patrocinado.jpg\" alt=\"\" width=\"323\" height=\"397\" \/><\/a>Jonathan F\u00e9lix, director asociado de la calificadora de valores Verum, dijo \u201c<em>Ninguna aerol\u00ednea est\u00e1 exenta. <strong>Ninguna est\u00e1 libre de caer en este tipo de protecci\u00f3n<\/strong><\/em>\".<\/p>\n<p>Apenas el 30 de junio, <strong>Grupo Aerom\u00e9xico solicit\u00f3 la protecci\u00f3n bajo el cap\u00edtulo 11<\/strong>, lo que le permitir\u00e1 seguir operando sin pagar sus deudas que ascienden a 5 mil millones de d\u00f3lares, el equivalente a 116 mil millones de pesos.<\/p>\n<p>De acuerdo con reportes financieros del primer trimestre del a\u00f1o, <strong>el nivel de apalancamiento neto ajustado<\/strong> (deuda neta ajustada\/ EBITDAR) de Aerom\u00e9xico es de 5.1 veces; el de Volaris es de 4.0 veces, y el de Viva Aerobus 4.6 veces.<\/p>\n<p>La mayor parte de la deuda de las aerol\u00edneas est\u00e1 en d\u00f3lares por la renta de aviones. De los 5 mil millones de d\u00f3lares que debe Aerom\u00e9xico, <strong>3 mil millones corresponden a ese rubro<\/strong>.<\/p>\n<blockquote class=\"twitter-tweet\" data-width=\"550\" data-dnt=\"true\">\n<p lang=\"es\" dir=\"ltr\">Verum baja calificaciones de Aerom\u00e9xico <a href=\"https:\/\/t.co\/SnmIuFLiOm\">https:\/\/t.co\/SnmIuFLiOm<\/a><\/p>\n<p>&mdash; PCR Verum Calificadora de Valores (@PCRVerum) <a href=\"https:\/\/twitter.com\/PCRVerum\/status\/1278487477532180485?ref_src=twsrc%5Etfw\" target=\"_blank\" rel=\"noopener\">July 2, 2020<\/a><\/p><\/blockquote>\n<p><script async src=\"https:\/\/platform.twitter.com\/widgets.js\" charset=\"utf-8\"><\/script><\/p>\n<p><strong>Volaris report\u00f3 una deuda de 73 mil 205 millones de pesos<\/strong> al 31 de marzo, 43 mil 406 millones son por el arrendamiento de aeronaves.<\/p>\n<p><strong>Viva Aerobus registr\u00f3 una deuda de 28 mil 422 millones de pesos<\/strong>, de los cuales 19 mil 793 millones corresponden al arrendamiento.<\/p>\n<blockquote class=\"twitter-tweet\" data-width=\"550\" data-dnt=\"true\">\n<p lang=\"es\" dir=\"ltr\">Verum baja calificaciones de Viva Aerobus; Observaci\u00f3n Negativa <a href=\"https:\/\/t.co\/aZDRdwHVAd\">https:\/\/t.co\/aZDRdwHVAd<\/a><\/p>\n<p>&mdash; PCR Verum Calificadora de Valores (@PCRVerum) <a href=\"https:\/\/twitter.com\/PCRVerum\/status\/1280189469291950087?ref_src=twsrc%5Etfw\" target=\"_blank\" rel=\"noopener\">July 6, 2020<\/a><\/p><\/blockquote>\n<p><script async src=\"https:\/\/platform.twitter.com\/widgets.js\" charset=\"utf-8\"><\/script><\/p>\n<p><strong>Interjet dej\u00f3 de hacer p\u00fablicos sus resultados financieros<\/strong>. En su \u00faltimo reporte, correspondiente al primer trimestre de 2019, la empresa registr\u00f3 una deuda neta de 35 mil 763 millones de pesos, de los cuales 23 mil 157 millones eran por arrendamiento de aviones.<\/p>\n<p>El pasado 28 de junio, <strong>Interjet tambi\u00e9n inform\u00f3 que recibi\u00f3 una capitalizaci\u00f3n de poco m\u00e1s de 150 millones de d\u00f3lares<\/strong>, que le permitir\u00e1 ampliar y restablecer sus rutas de manera gradual en los pr\u00f3ximos meses.<\/p>\n<p>Jonathan F\u00e9lix agreg\u00f3 que acogerse al cap\u00edtulo 11 <strong>permite a las aerol\u00edneas proteger su efectivo en caja<\/strong>.<\/p>\n<p>\u201c<em>Si empiezan a pagar sus compromisos (deuda) se quedan sin efectivo. Entonces, <strong>protegen su liquidez para seguir operando y despu\u00e9s<\/strong>, cuando salgan adelante, pagan sus deudas, pero por lo pronto protegen su liquidez y salvan la operaci\u00f3n<\/em>\".<\/p>\n<p><strong>Las aerol\u00edneas mexicanas vuelan a 30% de su capacidad<\/strong>. Se prev\u00e9 que el tr\u00e1fico de pasajeros regrese a niveles previos al COVID-19 hasta el 2023.<\/p>\n<p><img decoding=\"async\" class=\"aligncenter wp-image-12249 size-medium\" src=\"https:\/\/vipexperiences.mx\/wp-content\/uploads\/2020\/07\/eduardo-cano-photo-co-azRAtmuBn4-unsplash-1000x667.jpg\" alt=\"\" width=\"1000\" height=\"667\" \/><\/p>\n<p><em>Foto: Unsplash<\/em><\/p>\n<p><strong>YOU MIGHT ALSO BE INTERESTED IN:<\/strong><\/p>\n<p><a href=\"https:\/\/vipexperiences.mx\/en\/2020\/07\/13\/mexico-ha-perdido-mas-de-un-millon-de-empleos-por-la-pandemia\/\">M\u00c9XICO HA PERDIDO M\u00c1S DE UN MILL\u00d3N DE EMPLEOS POR LA PANDEMIA<\/a><\/p>\n<p><a href=\"https:\/\/vipexperiences.mx\/en\/2020\/07\/08\/llegan-a-mexico-los-nuevos-bmw-m8-coupe-competition-y-bmw-m8-gran-coupe-competition\/\">LLEGAN A M\u00c9XICO LOS NUEVOS BMW M8 COUP\u00c9 COMPETITION Y BMW M8 GRAN COUP\u00c9 COMPETITION<\/a><\/p>\n<p><a href=\"https:\/\/vipexperiences.mx\/en\/2020\/07\/12\/inflacion-se-acelera-en-junio-y-los-precios-aumentaron-3-33\/\">INFLACI\u00d3N SE ACELERA EN JUNIO Y LOS PRECIOS AUMENTARON 3.33%\u00a0<\/a><\/p>","protected":false},"excerpt":{"rendered":"<p>Otras aerol\u00edneas mexicanas se suman a Aerom\u00e9xico ante el riesgo de caer en el cap\u00edtulo 11 de la Ley de Quiebras de Estados Unidos. La raz\u00f3n es su nivel de deuda y que ya no se espera una pronta recuperaci\u00f3n a causa de la pandemia. Jonathan F\u00e9lix, director asociado de la calificadora de valores Verum, &#8230; <a title=\"Aerol\u00edneas mexicanas en riesgo de caer en bancarrota por el COVID-19\" class=\"read-more\" href=\"https:\/\/vipexperiences.mx\/en\/2020\/07\/14\/aerolineas-mexicanas-en-riesgo-de-caer-en-bancarrota-por-el-covid-19\/\" aria-label=\"Read more about Aerol\u00edneas mexicanas en riesgo de caer en bancarrota por el COVID-19\">Read more<\/a><\/p>","protected":false},"author":1,"featured_media":55146,"comment_status":"open","ping_status":"closed","sticky":false,"template":"","format":"standard","meta":{"_uag_custom_page_level_css":"","footnotes":""},"categories":[20],"tags":[3804,2003,3805,1693,1948,3806,3807,252,2011,3348,3808],"class_list":["post-69252","post","type-post","status-publish","format-standard","has-post-thumbnail","hentry","category-business","tag-aeremexico","tag-aerolineas","tag-capitulo-11","tag-coronavirus","tag-covid-19","tag-interjet","tag-ley-de-quiebra","tag-mexico","tag-pandemia","tag-viva-aerobus","tag-volaris"],"uagb_featured_image_src":{"full":["https:\/\/vipexperiences.mx\/wp-content\/uploads\/2024\/06\/eduardo-cano-photo-co-VMMGEKZfhe0-unsplash-jpg.webp",1600,1067,false],"thumbnail":["https:\/\/vipexperiences.mx\/wp-content\/uploads\/2024\/06\/eduardo-cano-photo-co-VMMGEKZfhe0-unsplash-150x150.webp",150,150,true],"medium":["https:\/\/vipexperiences.mx\/wp-content\/uploads\/2024\/06\/eduardo-cano-photo-co-VMMGEKZfhe0-unsplash-300x200.webp",300,200,true],"medium_large":["https:\/\/vipexperiences.mx\/wp-content\/uploads\/2024\/06\/eduardo-cano-photo-co-VMMGEKZfhe0-unsplash-768x512.webp",768,512,true],"large":["https:\/\/vipexperiences.mx\/wp-content\/uploads\/2024\/06\/eduardo-cano-photo-co-VMMGEKZfhe0-unsplash-1024x683.webp",1024,683,true],"1536x1536":["https:\/\/vipexperiences.mx\/wp-content\/uploads\/2024\/06\/eduardo-cano-photo-co-VMMGEKZfhe0-unsplash-1536x1024.webp",1536,1024,true],"2048x2048":["https:\/\/vipexperiences.mx\/wp-content\/uploads\/2024\/06\/eduardo-cano-photo-co-VMMGEKZfhe0-unsplash-jpg.webp",1600,1067,false],"trp-custom-language-flag":["https:\/\/vipexperiences.mx\/wp-content\/uploads\/2024\/06\/eduardo-cano-photo-co-VMMGEKZfhe0-unsplash-18x12.webp",18,12,true]},"uagb_author_info":{"display_name":"admin","author_link":"https:\/\/vipexperiences.mx\/en\/author\/soporte_4z6oqe9k\/"},"uagb_comment_info":0,"uagb_excerpt":"Otras aerol\u00edneas mexicanas se suman a Aerom\u00e9xico ante el riesgo de caer en el cap\u00edtulo 11 de la Ley de Quiebras de Estados Unidos. La raz\u00f3n es su nivel de deuda y que ya no se espera una pronta recuperaci\u00f3n a causa de la pandemia. Jonathan F\u00e9lix, director asociado de la calificadora de valores Verum,&hellip;","_links":{"self":[{"href":"https:\/\/vipexperiences.mx\/en\/wp-json\/wp\/v2\/posts\/69252","targetHints":{"allow":["GET"]}}],"collection":[{"href":"https:\/\/vipexperiences.mx\/en\/wp-json\/wp\/v2\/posts"}],"about":[{"href":"https:\/\/vipexperiences.mx\/en\/wp-json\/wp\/v2\/types\/post"}],"author":[{"embeddable":true,"href":"https:\/\/vipexperiences.mx\/en\/wp-json\/wp\/v2\/users\/1"}],"replies":[{"embeddable":true,"href":"https:\/\/vipexperiences.mx\/en\/wp-json\/wp\/v2\/comments?post=69252"}],"version-history":[{"count":0,"href":"https:\/\/vipexperiences.mx\/en\/wp-json\/wp\/v2\/posts\/69252\/revisions"}],"wp:featuredmedia":[{"embeddable":true,"href":"https:\/\/vipexperiences.mx\/en\/wp-json\/wp\/v2\/media\/55146"}],"wp:attachment":[{"href":"https:\/\/vipexperiences.mx\/en\/wp-json\/wp\/v2\/media?parent=69252"}],"wp:term":[{"taxonomy":"category","embeddable":true,"href":"https:\/\/vipexperiences.mx\/en\/wp-json\/wp\/v2\/categories?post=69252"},{"taxonomy":"post_tag","embeddable":true,"href":"https:\/\/vipexperiences.mx\/en\/wp-json\/wp\/v2\/tags?post=69252"}],"curies":[{"name":"wp","href":"https:\/\/api.w.org\/{rel}","templated":true}]}}