{"id":72117,"date":"2022-08-31T00:00:00","date_gmt":"2022-08-31T00:00:00","guid":{"rendered":"https:\/\/vipexperiences.mx\/hamilton-no-olvida-el-pique-con-alonso\/"},"modified":"2022-08-31T00:00:00","modified_gmt":"2022-08-31T00:00:00","slug":"hamilton-no-olvida-el-pique-con-alonso","status":"publish","type":"post","link":"https:\/\/vipexperiences.mx\/de\/2022\/08\/31\/hamilton-no-olvida-el-pique-con-alonso\/","title":{"rendered":"HAMILTON NO OLVIDA EL PIQUE CON ALONSO"},"content":{"rendered":"<p><strong>Lewis Hamilton<\/strong> a\u00fan no olvida el enfrentamiento que tuvo con <strong>Fernando Alonso<\/strong> im <strong>Gran Premio de B\u00e9lgica<\/strong> y recientemente public\u00f3 una dedicatoria en su cuenta de <strong>Instagram<\/strong>.<\/p>\n<p>El brit\u00e1nico puso una fotograf\u00eda en su cuenta oficial, donde aparece una gorra negra del equipo <strong>Mercedes<\/strong> firmada por el piloto y con una etiqueta que dice \u201cpara Fernando\u201d.<\/p>\n<p>Cabe recordar que en el circuito de Spa ambos pilotos tuvieron un choque, justo cuando el de Mercedes iba por la parte exterior de la curva y el espa\u00f1ol de <strong>Alpine<\/strong> por el interior, incidente que dej\u00f3 fuera de la competencia al siete veces campe\u00f3n de la F1.<\/p>\n<blockquote class=\"twitter-tweet\" data-width=\"550\" data-dnt=\"true\">\n<p lang=\"en\" dir=\"ltr\">Lewis and Fernando reflect on their opening lap tangle \ud83d\udde3\ufe0f<a href=\"https:\/\/twitter.com\/hashtag\/BelgianGP?src=hash&amp;ref_src=twsrc%5Etfw\" target=\"_blank\" rel=\"noopener\">#BelgianGP<\/a> <a href=\"https:\/\/twitter.com\/hashtag\/F1?src=hash&amp;ref_src=twsrc%5Etfw\" target=\"_blank\" rel=\"noopener\">#F1<\/a> <a href=\"https:\/\/t.co\/pHw2wf8wiH\">pic.twitter.com\/pHw2wf8wiH<\/a><\/p>\n<p>- Formel 1 (@F1) <a href=\"https:\/\/twitter.com\/F1\/status\/1564010183272976384?ref_src=twsrc%5Etfw\" target=\"_blank\" rel=\"noopener\">August 28, 2022<\/a><\/p><\/blockquote>\n<p><script async src=\"https:\/\/platform.twitter.com\/widgets.js\" charset=\"utf-8\"><\/script><\/p>\n<p>Alonso llam\u00f3 \u201cidiota\u201d a Hamilton y agreg\u00f3 que \u201csolo sab\u00eda correr cuando sal\u00eda primero\u201d. Tras esto, el ingl\u00e9s acept\u00f3 su error, pero no se disculpar\u00eda con \u00e9l por sus declaraciones en la radio.<\/p>\n<p>Cabe recordar que ambos fueron compa\u00f1eros en <strong>McLaren<\/strong> en el 2007, pero parece que qued\u00f3 en el olvido.<\/p>\n<p>https:\/\/www.instagram.com\/p\/Ch40b-dOvTI\/<\/p>","protected":false},"excerpt":{"rendered":"<p>Lewis Hamilton a\u00fan no olvida el enfrentamiento que tuvo con Fernando Alonso en el Gran Premio de B\u00e9lgica y recientemente public\u00f3 una dedicatoria en su cuenta de Instagram. El brit\u00e1nico puso una fotograf\u00eda en su cuenta oficial, donde aparece una gorra negra del equipo Mercedes firmada por el piloto y con una etiqueta que dice &#8230; <a title=\"HAMILTON NO OLVIDA EL PIQUE CON ALONSO\" class=\"read-more\" href=\"https:\/\/vipexperiences.mx\/de\/2022\/08\/31\/hamilton-no-olvida-el-pique-con-alonso\/\" aria-label=\"Mehr Informationen \u00fcber HAMILTON NO OLVIDA EL PIQUE CON ALONSO\">Weiterlesen<\/a><\/p>","protected":false},"author":7,"featured_media":65360,"comment_status":"open","ping_status":"closed","sticky":false,"template":"","format":"standard","meta":{"_uag_custom_page_level_css":"","footnotes":""},"categories":[9],"tags":[99,3706,101],"class_list":["post-72117","post","type-post","status-publish","format-standard","has-post-thumbnail","hentry","category-motor","tag-f1","tag-fernando-alonso","tag-lewis-hamilton"],"uagb_featured_image_src":{"full":["https:\/\/vipexperiences.mx\/wp-content\/uploads\/2024\/06\/Captura-de-Pantalla-2022-08-31-a-las-11.12.42.png",750,524,false],"thumbnail":["https:\/\/vipexperiences.mx\/wp-content\/uploads\/2024\/06\/Captura-de-Pantalla-2022-08-31-a-las-11.12.42-150x150.png",150,150,true],"medium":["https:\/\/vipexperiences.mx\/wp-content\/uploads\/2024\/06\/Captura-de-Pantalla-2022-08-31-a-las-11.12.42-300x210.png",300,210,true],"medium_large":["https:\/\/vipexperiences.mx\/wp-content\/uploads\/2024\/06\/Captura-de-Pantalla-2022-08-31-a-las-11.12.42.png",750,524,false],"large":["https:\/\/vipexperiences.mx\/wp-content\/uploads\/2024\/06\/Captura-de-Pantalla-2022-08-31-a-las-11.12.42.png",750,524,false],"1536x1536":["https:\/\/vipexperiences.mx\/wp-content\/uploads\/2024\/06\/Captura-de-Pantalla-2022-08-31-a-las-11.12.42.png",750,524,false],"2048x2048":["https:\/\/vipexperiences.mx\/wp-content\/uploads\/2024\/06\/Captura-de-Pantalla-2022-08-31-a-las-11.12.42.png",750,524,false],"trp-custom-language-flag":["https:\/\/vipexperiences.mx\/wp-content\/uploads\/2024\/06\/Captura-de-Pantalla-2022-08-31-a-las-11.12.42-18x12.png",18,12,true]},"uagb_author_info":{"display_name":"Morgana Cantero Rios","author_link":"https:\/\/vipexperiences.mx\/de\/author\/morgana-cantero\/"},"uagb_comment_info":0,"uagb_excerpt":"Lewis Hamilton a\u00fan no olvida el enfrentamiento que tuvo con Fernando Alonso en el Gran Premio de B\u00e9lgica y recientemente public\u00f3 una dedicatoria en su cuenta de Instagram. El brit\u00e1nico puso una fotograf\u00eda en su cuenta oficial, donde aparece una gorra negra del equipo Mercedes firmada por el piloto y con una etiqueta que dice&hellip;","_links":{"self":[{"href":"https:\/\/vipexperiences.mx\/de\/wp-json\/wp\/v2\/posts\/72117","targetHints":{"allow":["GET"]}}],"collection":[{"href":"https:\/\/vipexperiences.mx\/de\/wp-json\/wp\/v2\/posts"}],"about":[{"href":"https:\/\/vipexperiences.mx\/de\/wp-json\/wp\/v2\/types\/post"}],"author":[{"embeddable":true,"href":"https:\/\/vipexperiences.mx\/de\/wp-json\/wp\/v2\/users\/7"}],"replies":[{"embeddable":true,"href":"https:\/\/vipexperiences.mx\/de\/wp-json\/wp\/v2\/comments?post=72117"}],"version-history":[{"count":0,"href":"https:\/\/vipexperiences.mx\/de\/wp-json\/wp\/v2\/posts\/72117\/revisions"}],"wp:featuredmedia":[{"embeddable":true,"href":"https:\/\/vipexperiences.mx\/de\/wp-json\/wp\/v2\/media\/65360"}],"wp:attachment":[{"href":"https:\/\/vipexperiences.mx\/de\/wp-json\/wp\/v2\/media?parent=72117"}],"wp:term":[{"taxonomy":"category","embeddable":true,"href":"https:\/\/vipexperiences.mx\/de\/wp-json\/wp\/v2\/categories?post=72117"},{"taxonomy":"post_tag","embeddable":true,"href":"https:\/\/vipexperiences.mx\/de\/wp-json\/wp\/v2\/tags?post=72117"}],"curies":[{"name":"wp","href":"https:\/\/api.w.org\/{rel}","templated":true}]}}