{"id":70183,"date":"2020-10-28T00:00:00","date_gmt":"2020-10-28T00:00:00","guid":{"rendered":"https:\/\/vipexperiences.mx\/porsche-taycan-electrifica-el-edificio-mas-alto-del-mundo\/"},"modified":"2020-10-28T00:00:00","modified_gmt":"2020-10-28T00:00:00","slug":"porsche-taycan-electrifica-el-edificio-mas-alto-del-mundo","status":"publish","type":"post","link":"https:\/\/vipexperiences.mx\/de\/2020\/10\/28\/porsche-taycan-electrifica-el-edificio-mas-alto-del-mundo\/","title":{"rendered":"Porsche Taycan electrifica el edificio m\u00e1s alto del mundo"},"content":{"rendered":"<p>Porsche Medio Oriente y \u00c1frica, con sede en Dub\u00e1i, celebr\u00f3 el lanzamiento local del nuevo Taycan con una animaci\u00f3n especial en la fachada del edificio Burj Khalifa, que dio lugar a la superficie de visualizaci\u00f3n individual m\u00e1s grande del mundo.<\/p>\n<p>Un espect\u00e1culo de iluminaci\u00f3n realmente impresionante, que cubri\u00f3 un \u00e1rea de 33,000 metros cuadrados, donde fueron presentados los hitos m\u00e1s importantes de la marca en temas de movilidad el\u00e9ctrica, desde el Lohner-Porsche de 1900 hasta el reciente Taycan. Con sus 828 metros, la ic\u00f3nica torre es el edificio m\u00e1s alto del mundo y sirvi\u00f3 de escenario \u00fanico para anunciar la esperada llegada del primer veh\u00edculo totalmente el\u00e9ctrico de Porsche.<\/p>\n<p>\u201cLa electricidad corre por las venas de Porsche desde sus or\u00edgenes y la marca es pionera en dar forma a la movilidad del ma\u00f1ana con productos innovadores que se convierten en referentes para la industria\u201d, dijo Manfred Braeunl, director general de Porsche Medio Oriente y \u00c1frica.<\/p>\n<figure id=\"attachment_18678\" aria-describedby=\"caption-attachment-18678\" style=\"width: 256px\" class=\"wp-caption alignleft\"><img fetchpriority=\"high\" decoding=\"async\" class=\"size-thumbnail wp-image-18678\" src=\"https:\/\/vipexperiences.mx\/wp-content\/uploads\/2020\/10\/Porsche-2-1-266x400.jpg\" alt=\"\" width=\"266\" height=\"400\" \/><figcaption id=\"caption-attachment-18678\" class=\"wp-caption-text\">Foto: Porsche.<\/figcaption><\/figure>\n<p>\u201cEl nuevo Taycan es el resultado de combinar la experiencia de m\u00e1s de 70 a\u00f1os fabricando autos deportivos, con las m\u00e1s incre\u00edbles y avanzadas tecnolog\u00edas de conducci\u00f3n. Y todo ello, sin dejar de lado la esencia de la marca, ya que es un verdadero Porsche que ofrece pura emoci\u00f3n y un extraordinario placer al volante. Los pr\u00f3ximos meses ser\u00e1n muy emocionantes para nosotros y nuestros socios comerciales, ya que lanzamos el autom\u00f3vil en toda la regi\u00f3n\u201d.<\/p>\n<h6>Un mill\u00f3n de luces LED en el Burj Khalifa<\/h6>\n<p>Por su parte, Markus Peter, director de Marketing de Porsche Medio Oriente y \u00c1frica, dijo: \u201cFue un momento muy especial ver c\u00f3mo m\u00e1s de un mill\u00f3n de luces LED convert\u00edan la fachada en una gran pantalla para celebrar la llegada del Taycan a nuestra regi\u00f3n\u201d.<\/p>\n<p>Si bien este modelo es el primer deportivo totalmente el\u00e9ctrico de la marca, Porsche ha estado a la vanguardia de este tipo de movilidad durante mucho tiempo. En la actualidad, la oferta de h\u00edbridos enchufables est\u00e1 compuesta por algunos de los veh\u00edculos m\u00e1s potentes de la gama, como el Cayenne Turbo S E-Hybrid o el nuevo Panamera Turbo S E-Hybrid. Con el lanzamiento del nuevo Taycan, Porsche establece otro hito importante en la historia de la compa\u00f1\u00eda.<\/p>\n<h6>Lanzamiento de las tres primeras versiones del Taycan en Oriente Medio y \u00c1frica<\/h6>\n<p>En los pr\u00f3ximos meses, la sede regional de Porsche con base en Dub\u00e1i apoyar\u00e1 a sus importadores con el lanzamiento de las tres primeras versiones del Taycan: 4S, Turbo y Turbo S.<\/p>\n<p>Este momento coincide con un exitoso periodo comercial para Porsche Medio Oriente y \u00c1frica, que ha crecido 5% frente al ejercicio anterior y que, adem\u00e1s, anunci\u00f3 recientemente sus mejores resultados en el tercer trimestre del a\u00f1o desde 2015.<\/p>\n<figure id=\"attachment_18679\" aria-describedby=\"caption-attachment-18679\" style=\"width: 1190px\" class=\"wp-caption aligncenter\"><img decoding=\"async\" class=\"size-full wp-image-18679\" src=\"https:\/\/vipexperiences.mx\/wp-content\/uploads\/2020\/10\/Porsche-3-1.jpg\" alt=\"\" width=\"1200\" height=\"799\" \/><figcaption id=\"caption-attachment-18679\" class=\"wp-caption-text\">Foto: Porsche.<\/figcaption><\/figure>\n<p><strong>K\u00d6NNTEN SIE AUCH INTERESSIERT SEIN AN:<\/strong><br \/>\n<a href=\"https:\/\/vipexperiences.mx\/de\/2020\/10\/27\/gm-entrega-el-primer-vehiculo-militar-al-escuadron-de-infanteria\/\">GM ENTREGA EL PRIMER VEH\u00cdCULO MILITAR AL ESCUADR\u00d3N DE INFANTER\u00cdA<\/a><br \/>\n<a href=\"https:\/\/vipexperiences.mx\/de\/2020\/10\/27\/siar-2020-ulysse-nardin-captura-la-esencia-de-mexico\/\">SIAR 2020. ULYSSE NARDIN CAPTURA LA ESENCIA DE M\u00c9XICO<\/a><br \/>\n<a href=\"https:\/\/vipexperiences.mx\/de\/2020\/10\/27\/nissan-np300-frontier-con-adn-mexicano\/\">NISSAN NP300 FRONTIER, CON ADN MEXICANO<\/a><\/p>","protected":false},"excerpt":{"rendered":"<p>Porsche Medio Oriente y \u00c1frica, con sede en Dub\u00e1i, celebr\u00f3 el lanzamiento local del nuevo Taycan con una animaci\u00f3n especial en la fachada del edificio Burj Khalifa, que dio lugar a la superficie de visualizaci\u00f3n individual m\u00e1s grande del mundo. Un espect\u00e1culo de iluminaci\u00f3n realmente impresionante, que cubri\u00f3 un \u00e1rea de 33,000 metros cuadrados, donde &#8230; <a title=\"Porsche Taycan electrifica el edificio m\u00e1s alto del mundo\" class=\"read-more\" href=\"https:\/\/vipexperiences.mx\/de\/2020\/10\/28\/porsche-taycan-electrifica-el-edificio-mas-alto-del-mundo\/\" aria-label=\"Mehr Informationen \u00fcber Porsche Taycan electrifica el edificio m\u00e1s alto del mundo\">Weiterlesen<\/a><\/p>","protected":false},"author":1,"featured_media":58752,"comment_status":"open","ping_status":"closed","sticky":false,"template":"","format":"standard","meta":{"_uag_custom_page_level_css":"","footnotes":""},"categories":[9],"tags":[1355,5210,5211,1358,1163,3538,46,3871],"class_list":["post-70183","post","type-post","status-publish","format-standard","has-post-thumbnail","hentry","category-motor","tag-auto-electrico","tag-cayenne","tag-hybrid","tag-motor","tag-porsche","tag-taycan","tag-tendencias","tag-turbo"],"uagb_featured_image_src":{"full":["https:\/\/vipexperiences.mx\/wp-content\/uploads\/2024\/06\/Porsche-1-1-1-jpg.webp",1200,748,false],"thumbnail":["https:\/\/vipexperiences.mx\/wp-content\/uploads\/2024\/06\/Porsche-1-1-1-150x150.webp",150,150,true],"medium":["https:\/\/vipexperiences.mx\/wp-content\/uploads\/2024\/06\/Porsche-1-1-1-300x187.webp",300,187,true],"medium_large":["https:\/\/vipexperiences.mx\/wp-content\/uploads\/2024\/06\/Porsche-1-1-1-768x479.webp",768,479,true],"large":["https:\/\/vipexperiences.mx\/wp-content\/uploads\/2024\/06\/Porsche-1-1-1-1024x638.webp",1024,638,true],"1536x1536":["https:\/\/vipexperiences.mx\/wp-content\/uploads\/2024\/06\/Porsche-1-1-1-jpg.webp",1200,748,false],"2048x2048":["https:\/\/vipexperiences.mx\/wp-content\/uploads\/2024\/06\/Porsche-1-1-1-jpg.webp",1200,748,false],"trp-custom-language-flag":["https:\/\/vipexperiences.mx\/wp-content\/uploads\/2024\/06\/Porsche-1-1-1-18x12.webp",18,12,true]},"uagb_author_info":{"display_name":"admin","author_link":"https:\/\/vipexperiences.mx\/de\/author\/soporte_4z6oqe9k\/"},"uagb_comment_info":0,"uagb_excerpt":"Porsche Medio Oriente y \u00c1frica, con sede en Dub\u00e1i, celebr\u00f3 el lanzamiento local del nuevo Taycan con una animaci\u00f3n especial en la fachada del edificio Burj Khalifa, que dio lugar a la superficie de visualizaci\u00f3n individual m\u00e1s grande del mundo. Un espect\u00e1culo de iluminaci\u00f3n realmente impresionante, que cubri\u00f3 un \u00e1rea de 33,000 metros cuadrados, donde&hellip;","_links":{"self":[{"href":"https:\/\/vipexperiences.mx\/de\/wp-json\/wp\/v2\/posts\/70183","targetHints":{"allow":["GET"]}}],"collection":[{"href":"https:\/\/vipexperiences.mx\/de\/wp-json\/wp\/v2\/posts"}],"about":[{"href":"https:\/\/vipexperiences.mx\/de\/wp-json\/wp\/v2\/types\/post"}],"author":[{"embeddable":true,"href":"https:\/\/vipexperiences.mx\/de\/wp-json\/wp\/v2\/users\/1"}],"replies":[{"embeddable":true,"href":"https:\/\/vipexperiences.mx\/de\/wp-json\/wp\/v2\/comments?post=70183"}],"version-history":[{"count":0,"href":"https:\/\/vipexperiences.mx\/de\/wp-json\/wp\/v2\/posts\/70183\/revisions"}],"wp:featuredmedia":[{"embeddable":true,"href":"https:\/\/vipexperiences.mx\/de\/wp-json\/wp\/v2\/media\/58752"}],"wp:attachment":[{"href":"https:\/\/vipexperiences.mx\/de\/wp-json\/wp\/v2\/media?parent=70183"}],"wp:term":[{"taxonomy":"category","embeddable":true,"href":"https:\/\/vipexperiences.mx\/de\/wp-json\/wp\/v2\/categories?post=70183"},{"taxonomy":"post_tag","embeddable":true,"href":"https:\/\/vipexperiences.mx\/de\/wp-json\/wp\/v2\/tags?post=70183"}],"curies":[{"name":"wp","href":"https:\/\/api.w.org\/{rel}","templated":true}]}}