{"id":69830,"date":"2020-09-18T00:00:00","date_gmt":"2020-09-18T00:00:00","guid":{"rendered":"https:\/\/vipexperiences.mx\/mauricio-claver-carone-es-elegido-presidente-del-banco-interamericano-de-desarrollo\/"},"modified":"2020-09-18T00:00:00","modified_gmt":"2020-09-18T00:00:00","slug":"mauricio-claver-carone-es-elegido-presidente-del-banco-interamericano-de-desarrollo","status":"publish","type":"post","link":"https:\/\/vipexperiences.mx\/de\/2020\/09\/18\/mauricio-claver-carone-es-elegido-presidente-del-banco-interamericano-de-desarrollo\/","title":{"rendered":"Mauricio Claver-Carone es elegido presidente del Banco Interamericano de Desarrollo"},"content":{"rendered":"<p>Mauricio Claver-Carone, alto asesor del presidente Donald Trump, <strong>fue elegido como el primer presidente norteamericano <\/strong>del Banco Interamericano de Desarrollo (BID).<\/p>\n<p>Ocurri\u00f3 en una elecci\u00f3n que <strong>g\u00e9nero el concenso de la mayor\u00eda<\/strong> de los pa\u00edses de la regi\u00f3n.<\/p>\n<p>La votaci\u00f3n fue a puerta cerrada y por videoconferencia, <strong>y los gobernadores lo eligieron para un mandato de cinco a\u00f1os<\/strong>.<\/p>\n<p>Claver-Carone asumir\u00e1 funciones el 1 de octubre de 2020 y, como Presidente, <strong>ser\u00e1 responsable de las operaciones del Grupo BID<\/strong>, que est\u00e1 formado por el BID, BID Invest y BID Lab.<\/p>\n<blockquote class=\"twitter-tweet\" data-width=\"550\" data-dnt=\"true\">\n<p lang=\"es\" dir=\"ltr\"><a href=\"https:\/\/twitter.com\/hashtag\/%C3%9ALTIMAHORA?src=hash&amp;ref_src=twsrc%5Etfw\" target=\"_blank\" rel=\"noopener\">#\u00daLTIMAHORA<\/a> | El Banco Interamericano de Desarrollo (BID) elige como nuevo presidente al estadounidense Mauricio Claver-Carone. <a href=\"https:\/\/t.co\/IVpndFftSI\">pic.twitter.com\/IVpndFftSI<\/a><\/p>\n<p>&mdash; EFE Noticias (@EFEnoticias) <a href=\"https:\/\/twitter.com\/EFEnoticias\/status\/1304836151937830912?ref_src=twsrc%5Etfw\" target=\"_blank\" rel=\"noopener\">September 12, 2020<\/a><\/p><\/blockquote>\n<p><script async src=\"https:\/\/platform.twitter.com\/widgets.js\" charset=\"utf-8\"><\/script><\/p>\n<h6>Su trayectoria antes del BID<\/h6>\n<p>Actualmente, <strong>es Asistente Adjunto del Presidente de los Estados Unidos<\/strong> y Director Senior de Asuntos del Hemisferio Occidental en el Consejo Nacional de Seguridad de los Estados Unidos.<\/p>\n<p>Previamente <strong>fue Representante de los Estados Unidos ante el Fondo Monetario Internacional <\/strong>y Asesor Senior del Subsecretario de Asuntos Internacionales en el Departamento del Tesoro de los Estados Unidos.<\/p>\n<blockquote class=\"twitter-tweet\" data-width=\"550\" data-dnt=\"true\">\n<p lang=\"es\" dir=\"ltr\">La Asamblea de Gobernadores del BID eligi\u00f3 a Mauricio J. Claver-Carone como Presidente por un per\u00edodo de cinco a\u00f1os que comienza el 1 de octubre de 2020. <a href=\"https:\/\/t.co\/wH7aPK8auG\">https:\/\/t.co\/wH7aPK8auG<\/a> <a href=\"https:\/\/t.co\/5J1uTgJLUP\">pic.twitter.com\/5J1uTgJLUP<\/a><\/p>\n<p>&mdash; Banco Interamericano de Desarrollo (@el_BID) <a href=\"https:\/\/twitter.com\/el_BID\/status\/1304833618829873157?ref_src=twsrc%5Etfw\" target=\"_blank\" rel=\"noopener\">September 12, 2020<\/a><\/p><\/blockquote>\n<p><script async src=\"https:\/\/platform.twitter.com\/widgets.js\" charset=\"utf-8\"><\/script><\/p>\n<p>Obtuvo su licenciatura de Rollins College, <strong>un doctorado en Derecho de la Universidad Cat\u00f3lica Americana<\/strong> y una maestr\u00eda en Derecho Internacional y Comparado del Centro de Derecho de la Universidad de Georgetown.<\/p>\n<p>Con este nombramiento, <strong>ser\u00e1 el quinto presidente del Banco<\/strong>. Le anteceden los se\u00f1ores Luis Alberto Moreno (2005-2020), Enrique V. Iglesias (1988-2005), Antonio Ortiz Mena (1971-1988) y Felipe Herrera (1960-1971).<\/p>\n<p><a href=\"https:\/\/vipexperiences.mx\/de\/2020\/05\/07\/himmel-el-paraiso-im-hard-rock-hotel-riviera-maya\/\"><img fetchpriority=\"high\" decoding=\"async\" class=\"alignleft size-thumbnail wp-image-14880\" src=\"https:\/\/vipexperiences.mx\/wp-content\/uploads\/2020\/08\/VIP-EXPERIENCES-03-400x365.jpg\" sizes=\"(max-width: 400px) 100vw, 400px\" srcset=\"https:\/\/vipexperiences.mx\/wp-content\/uploads\/2020\/08\/VIP-EXPERIENCES-03-400x365.jpg 400w, https:\/\/vipexperiences.mx\/wp-content\/uploads\/2020\/08\/VIP-EXPERIENCES-03-1000x912.jpg 1000w, https:\/\/vipexperiences.mx\/wp-content\/uploads\/2020\/08\/VIP-EXPERIENCES-03-1600x1459.jpg 1600w, https:\/\/vipexperiences.mx\/wp-content\/uploads\/2020\/08\/VIP-EXPERIENCES-03-768x700.jpg 768w, https:\/\/vipexperiences.mx\/wp-content\/uploads\/2020\/08\/VIP-EXPERIENCES-03-1536x1401.jpg 1536w, https:\/\/vipexperiences.mx\/wp-content\/uploads\/2020\/08\/VIP-EXPERIENCES-03-2048x1867.jpg 2048w\" alt=\"\" width=\"400\" height=\"365\" \/><\/a><\/p>\n<h2 aria-label=\"Inhalt Shell\">RESERVIEREN SIE JETZT! DIESES ANGEBOT SOLLTEN SIE SICH NICHT ENTGEHEN LASSEN.<\/h2>\n<h2 aria-label=\"Inhalt Shell\"><img decoding=\"async\" class=\"size-full wp-image-14606 alignleft\" src=\"https:\/\/vipexperiences.mx\/wp-content\/uploads\/2020\/05\/logo-mini-WA.jpg\" alt=\"\" width=\"49\" height=\"45\" \/><\/h2>\n<h2 aria-label=\"Inhalt Shell\"><a href=\"https:\/\/wa.link\/t9mr0v\" target=\"_blank\" rel=\"noopener\">553056-8075<\/a><\/h2>\n<p>&nbsp;<\/p>\n<p>&nbsp;<\/p>\n<p>&nbsp;<\/p>\n<p><em>Con informaci\u00f3n del BID<\/em><\/p>\n<h6>K\u00d6NNTEN SIE AUCH INTERESSIERT SEIN AN:<\/h6>\n<p><a href=\"https:\/\/vipexperiences.mx\/de\/2020\/09\/15\/el-peso-mexicano-muestra-recuperacion-pero-la-reactivacion-economica-sera-lenta\/\">EL PESO MEXICANO MUESTRA RECUPERACI\u00d3N, PERO LA REACTIVACI\u00d3N ECON\u00d3MICA SER\u00c1 LENTA<\/a><\/p>\n<p><a href=\"https:\/\/vipexperiences.mx\/de\/2020\/09\/14\/jane-fraser-primera-mujer-en-dirigir-un-banco-de-wall-street-citigroup\/\">JANE FRASER: PRIMERA MUJER EN DIRIGIR UN BANCO DE WALL STREET (CITIGROUP)<\/a><\/p>\n<p><a href=\"https:\/\/vipexperiences.mx\/de\/2020\/09\/17\/empleos-perdidos-por-coronavirus-se-recuperaran-hasta-2023-citibanamex\/\">EMPLEOS PERDIDOS POR CORONAVIRUS SE RECUPERAR\u00c1N HASTA 2023: CITIBANAMEX<\/a><\/p>","protected":false},"excerpt":{"rendered":"<p>Mauricio Claver-Carone, alto asesor del presidente Donald Trump, fue elegido como el primer presidente norteamericano del Banco Interamericano de Desarrollo (BID). Ocurri\u00f3 en una elecci\u00f3n que g\u00e9nero el concenso de la mayor\u00eda de los pa\u00edses de la regi\u00f3n. La votaci\u00f3n fue a puerta cerrada y por videoconferencia, y los gobernadores lo eligieron para un mandato &#8230; <a title=\"Mauricio Claver-Carone es elegido presidente del Banco Interamericano de Desarrollo\" class=\"read-more\" href=\"https:\/\/vipexperiences.mx\/de\/2020\/09\/18\/mauricio-claver-carone-es-elegido-presidente-del-banco-interamericano-de-desarrollo\/\" aria-label=\"Mehr Informationen \u00fcber Mauricio Claver-Carone es elegido presidente del Banco Interamericano de Desarrollo\">Weiterlesen<\/a><\/p>","protected":false},"author":1,"featured_media":57375,"comment_status":"open","ping_status":"closed","sticky":false,"template":"","format":"standard","meta":{"_uag_custom_page_level_css":"","footnotes":""},"categories":[20],"tags":[4674,4272,4236,4273,3086,4720,213,46],"class_list":["post-69830","post","type-post","status-publish","format-standard","has-post-thumbnail","hentry","category-business","tag-banca","tag-banco-interamericano-de-desarrollo","tag-bancos","tag-bid","tag-donald-trump","tag-mauricio-claver-carone","tag-negocios","tag-tendencias"],"uagb_featured_image_src":{"full":["https:\/\/vipexperiences.mx\/wp-content\/uploads\/2024\/06\/Banco-Interamericano-de-Desarrollo.png",1600,874,false],"thumbnail":["https:\/\/vipexperiences.mx\/wp-content\/uploads\/2024\/06\/Banco-Interamericano-de-Desarrollo-150x150.png",150,150,true],"medium":["https:\/\/vipexperiences.mx\/wp-content\/uploads\/2024\/06\/Banco-Interamericano-de-Desarrollo-300x164.png",300,164,true],"medium_large":["https:\/\/vipexperiences.mx\/wp-content\/uploads\/2024\/06\/Banco-Interamericano-de-Desarrollo-768x420.png",768,420,true],"large":["https:\/\/vipexperiences.mx\/wp-content\/uploads\/2024\/06\/Banco-Interamericano-de-Desarrollo-1024x559.png",1024,559,true],"1536x1536":["https:\/\/vipexperiences.mx\/wp-content\/uploads\/2024\/06\/Banco-Interamericano-de-Desarrollo-1536x839.png",1536,839,true],"2048x2048":["https:\/\/vipexperiences.mx\/wp-content\/uploads\/2024\/06\/Banco-Interamericano-de-Desarrollo.png",1600,874,false],"trp-custom-language-flag":["https:\/\/vipexperiences.mx\/wp-content\/uploads\/2024\/06\/Banco-Interamericano-de-Desarrollo-18x10.png",18,10,true]},"uagb_author_info":{"display_name":"admin","author_link":"https:\/\/vipexperiences.mx\/de\/author\/soporte_4z6oqe9k\/"},"uagb_comment_info":0,"uagb_excerpt":"Mauricio Claver-Carone, alto asesor del presidente Donald Trump, fue elegido como el primer presidente norteamericano del Banco Interamericano de Desarrollo (BID). Ocurri\u00f3 en una elecci\u00f3n que g\u00e9nero el concenso de la mayor\u00eda de los pa\u00edses de la regi\u00f3n. La votaci\u00f3n fue a puerta cerrada y por videoconferencia, y los gobernadores lo eligieron para un mandato&hellip;","_links":{"self":[{"href":"https:\/\/vipexperiences.mx\/de\/wp-json\/wp\/v2\/posts\/69830","targetHints":{"allow":["GET"]}}],"collection":[{"href":"https:\/\/vipexperiences.mx\/de\/wp-json\/wp\/v2\/posts"}],"about":[{"href":"https:\/\/vipexperiences.mx\/de\/wp-json\/wp\/v2\/types\/post"}],"author":[{"embeddable":true,"href":"https:\/\/vipexperiences.mx\/de\/wp-json\/wp\/v2\/users\/1"}],"replies":[{"embeddable":true,"href":"https:\/\/vipexperiences.mx\/de\/wp-json\/wp\/v2\/comments?post=69830"}],"version-history":[{"count":0,"href":"https:\/\/vipexperiences.mx\/de\/wp-json\/wp\/v2\/posts\/69830\/revisions"}],"wp:featuredmedia":[{"embeddable":true,"href":"https:\/\/vipexperiences.mx\/de\/wp-json\/wp\/v2\/media\/57375"}],"wp:attachment":[{"href":"https:\/\/vipexperiences.mx\/de\/wp-json\/wp\/v2\/media?parent=69830"}],"wp:term":[{"taxonomy":"category","embeddable":true,"href":"https:\/\/vipexperiences.mx\/de\/wp-json\/wp\/v2\/categories?post=69830"},{"taxonomy":"post_tag","embeddable":true,"href":"https:\/\/vipexperiences.mx\/de\/wp-json\/wp\/v2\/tags?post=69830"}],"curies":[{"name":"wp","href":"https:\/\/api.w.org\/{rel}","templated":true}]}}