{"id":69090,"date":"2020-06-23T00:00:00","date_gmt":"2020-06-23T00:00:00","guid":{"rendered":"https:\/\/vipexperiences.mx\/ford-cumple-95-anos-de-mover-a-mexico\/"},"modified":"2020-06-23T00:00:00","modified_gmt":"2020-06-23T00:00:00","slug":"ford-cumple-95-anos-de-mover-a-mexico","status":"publish","type":"post","link":"https:\/\/vipexperiences.mx\/de\/2020\/06\/23\/ford-cumple-95-anos-de-mover-a-mexico\/","title":{"rendered":"Ford cumple 95 a\u00f1os de mover a M\u00e9xico"},"content":{"rendered":"<p>Ford Motor Company inici\u00f3 sus operaciones en M\u00e9xico el 23 de junio de 1925, unos a\u00f1os antes de la Segunda Guerra Mundial, y desde entonces se han convertido en uno de los principales motores de nuestro pa\u00eds, no s\u00f3lo por el impacto que han tenido sus veh\u00edculos en millones de personas, sino como un brazo econ\u00f3mico e industrial.<\/p>\n<p>La innovaci\u00f3n es lo que ha logrado la permanencia de la compa\u00f1\u00eda en territorio mexicano, as\u00ed como el talento de sus trabajadores y el compromiso con las comunidades, lo que sin duda se ha convertido en motivo de orgullo para la armadora del \u00f3valo azul.<\/p>\n<figure id=\"attachment_11100\" aria-describedby=\"caption-attachment-11100\" style=\"width: 390px\" class=\"wp-caption alignleft\"><img fetchpriority=\"high\" decoding=\"async\" class=\"size-thumbnail wp-image-11100\" src=\"https:\/\/vipexperiences.mx\/wp-content\/uploads\/2020\/06\/01-Fordcitos-400x245.jpg\" alt=\"\" width=\"400\" height=\"245\" \/><figcaption id=\"caption-attachment-11100\" class=\"wp-caption-text\">Foto: Ford.<\/figcaption><\/figure>\n<p><strong>95 a\u00f1os de una emocionante historia<\/strong><\/p>\n<p>En 1925 Henry y Edsel Ford decidieron iniciar operaciones en el pa\u00eds con la ayuda de Adri\u00e1n Lajous, quien se convirti\u00f3 en el primer el director general de la empresa y fundaron en Bucareli 13 Ford de M\u00e9xico.<\/p>\n<p>Meses despu\u00e9s, abrir\u00edan la primera planta de montaje y acabado de autom\u00f3viles en la calzada de Balbuena, dentro de la Ciudad de M\u00e9xico, la cual produc\u00eda la impresionante cantidad \u2013para la \u00e9poca\u2013 de 25 veh\u00edculos modelo T al d\u00eda, el inicio de la gran historia y relaci\u00f3n de Ford con M\u00e9xico. Para 1931, se desarrollaron los planes para inaugurar en 1932 la planta de La Villa con una infraestructura mayor, que llegar\u00eda a producir hasta 100 modelos A por d\u00eda.<\/p>\n<figure id=\"attachment_11101\" aria-describedby=\"caption-attachment-11101\" style=\"width: 1190px\" class=\"wp-caption aligncenter\"><img decoding=\"async\" class=\"size-large wp-image-11101\" src=\"https:\/\/vipexperiences.mx\/wp-content\/uploads\/2020\/06\/02-Hasta-en-las-mejores-familias-1600x980.jpg\" alt=\"\" width=\"1200\" height=\"735\" \/><figcaption id=\"caption-attachment-11101\" class=\"wp-caption-text\">Foto: Ford.<\/figcaption><\/figure>\n<p>En ese mismo a\u00f1o, el Instituto de Artes de Detroit invit\u00f3 a Diego Rivera a pintar dos murales a trav\u00e9s de un donativo hecho por Edsel Ford.<\/p>\n<figure id=\"attachment_11102\" aria-describedby=\"caption-attachment-11102\" style=\"width: 390px\" class=\"wp-caption alignright\"><img decoding=\"async\" class=\"size-thumbnail wp-image-11102\" src=\"https:\/\/vipexperiences.mx\/wp-content\/uploads\/2020\/06\/11-Mural-Diego-Rivera-400x245.jpg\" alt=\"\" width=\"400\" height=\"245\" \/><figcaption id=\"caption-attachment-11102\" class=\"wp-caption-text\">Foto: Ford.<\/figcaption><\/figure>\n<p>Los a\u00f1os cuarenta y cincuenta trajeron muchos cambios positivos a la compa\u00f1\u00eda y a sus productos. Por un lado, se present\u00f3 el modelo 1949, el cual ofrec\u00eda a los usuarios mejores frenos, m\u00e1s espacio, as\u00ed como por primera vez dos motorizaciones, la V6 o la V8; de igual manera, los cincuenta crearon una estabilidad que permiti\u00f3 a Ford vender un total de 19 mil autom\u00f3viles y 68 mil camiones en 10 a\u00f1os.<\/p>\n<p>Gracias a este crecimiento, para 1960 la firma adquiri\u00f3 un terreno en Cuautitl\u00e1n, en el cual al principio s\u00f3lo se produc\u00edan motores. Tiempo despu\u00e9s, de la mano del talento mexicano junto a los planes de expansi\u00f3n y desarrollo, se decidi\u00f3 crear el primer centro de ingenier\u00eda y pista de pruebas para nuevos modelos. Es as\u00ed como inici\u00f3 Ford Cuautitl\u00e1n.<\/p>\n<p>\u201cEl talento del ingeniero mexicano desde los inicios de Ford en M\u00e9xico se ha dado a notar y es uno de los pilares que han impulsado el crecimiento de la empresa en el pa\u00eds, a tal grado que nuestro centro de ingenier\u00eda cuenta hoy con alrededor de dos mil ingenieros desarrollando productos tanto para nosotros como para el mundo. Hemos logrado que no s\u00f3lo exista el \u2018Hecho en M\u00e9xico\u2019 sino que se est\u00e1 estandarizando a nivel global el \u2018Dise\u00f1ado en M\u00e9xico\u2019 y esto no nos podr\u00eda tener m\u00e1s orgullosos\u201d, coment\u00f3 Marcos P\u00e9rez, director de ingenier\u00eda y desarrollo de producto de Ford de M\u00e9xico.<\/p>\n<figure id=\"attachment_11103\" aria-describedby=\"caption-attachment-11103\" style=\"width: 1190px\" class=\"wp-caption aligncenter\"><img loading=\"lazy\" decoding=\"async\" class=\"size-large wp-image-11103\" src=\"https:\/\/vipexperiences.mx\/wp-content\/uploads\/2020\/06\/19-Peace-and-cars-1600x900.jpg\" alt=\"\" width=\"1200\" height=\"675\" \/><figcaption id=\"caption-attachment-11103\" class=\"wp-caption-text\">Foto: Ford.<\/figcaption><\/figure>\n<p>En 1966 se cre\u00f3 el Comit\u00e9 C\u00edvico de Ford y sus Distribuidores en M\u00e9xico, con el objetivo de devolver a la comunidad algo de lo recibido. Es as\u00ed como se finc\u00f3 el objetivo de beneficiar a trav\u00e9s de la educaci\u00f3n a ni\u00f1os que viven en zonas vulnerables. Hasta la fecha se han inaugurado 212 escuelas primarias p\u00fablicas en todo el pa\u00eds, que orgullosamente promueven la educaci\u00f3n, los valores y el desarrollo de miles ni\u00f1os diariamente.<\/p>\n<p>El Comit\u00e9 C\u00edvico, adem\u00e1s del enfoque en la educaci\u00f3n ha desarrollado proyectos en beneficio del medio ambiente como La Selva Lacandona, Salvemos al berrendo, entre otros.<\/p>\n<p>Antes del nuevo milenio, fue un tiempo de gran desarrollo para la empresa, pues tan solo a inicios de la d\u00e9cada de los setenta se celebr\u00f3 la producci\u00f3n de los primeros 500 mil veh\u00edculos. En su 50 aniversario en M\u00e9xico, en 1975, Ford de M\u00e9xico produjo su veh\u00edculo n\u00famero 750 mil, un Galaxie de dos puertas.<\/p>\n<p>La d\u00e9cada de los ochenta marcar\u00eda una pauta muy importante, ya que no solo se inauguraron las plantas de Chihuahua y Hermosillo, sino que la antigua planta de La Villa se convierti\u00f3 temporalmente en un espacio de apoyo para personas damnificadas luego del sismo de 1985, demostrando as\u00ed el compromiso y solidaridad que la compa\u00f1\u00eda tiene con el pa\u00eds.<\/p>\n<p>Finalmente, la \u00faltima d\u00e9cada del siglo trajo consigo la recomercializaci\u00f3n de los veh\u00edculos Lincoln, expansiones en la planta de Chihuahua, los primeros autom\u00f3viles Contour y Mystique que fueron exhibidos en una reuni\u00f3n en Los Pinos, para luego ser enviados a Estados Unidos y Canad\u00e1, el aumento de la capacidad de producci\u00f3n de la planta en Hermosillo a 168 mil veh\u00edculos por a\u00f1o, y el nacimiento del Ford Fiesta.<\/p>\n<p>\u201cHace 117 a\u00f1os, Henry Ford se convirti\u00f3 en \u201cpunta de lanza\u201d de la Segunda Revoluci\u00f3n Industrial. Hoy, Ford lo hace de nuevo con la Cuarta Revoluci\u00f3n Industrial al digitalizar todos los procesos de manufactura con la tecnolog\u00eda m\u00e1s avanzada\u201d, coment\u00f3 Enrique Araiza, director de manufactura de Ford de M\u00e9xico. \u201cNuestra estrategia est\u00e1 fundamentada en pilares que nos permiten implementar en las plantas pr\u00e1cticamente todas las tecnolog\u00edas relacionadas con manufactura 4.0. Es un orgullo que M\u00e9xico siempre sea de las localidades m\u00e1s proactivas en la implementaci\u00f3n de estas tecnolog\u00edas, soportadas por el \u00e9xito donde sobresalen mejoras en eficiencia, productividad y seguridad que benefician a la organizaci\u00f3n\u201d.<\/p>\n<p><strong>El nuevo milenio<\/strong><\/p>\n<p>La globalizaci\u00f3n ha tra\u00eddo varios retos, pero sobre todo muchas oportunidades para que la industria evolucione de la mano de la tecnolog\u00eda. Es por eso que en Ford creen que la innovaci\u00f3n es el pilar que los lleva a dise\u00f1ar las nuevas soluciones de movilidad a trav\u00e9s del siguiente paso de sus productos, ofreciendo grandes cambios pensados en las necesidades reales de sus clientes:<\/p>\n<figure id=\"attachment_11104\" aria-describedby=\"caption-attachment-11104\" style=\"width: 390px\" class=\"wp-caption alignleft\"><img loading=\"lazy\" decoding=\"async\" class=\"size-thumbnail wp-image-11104\" src=\"https:\/\/vipexperiences.mx\/wp-content\/uploads\/2020\/06\/03-Mach-E-400x245.jpg\" alt=\"\" width=\"400\" height=\"245\" \/><figcaption id=\"caption-attachment-11104\" class=\"wp-caption-text\">Foto: Ford.<\/figcaption><\/figure>\n<p><strong>Veh\u00edculos el\u00e9ctricos y energ\u00edas renovables:<\/strong> El paso que los acerca al futuro. Cuando hablan sobre el cuidado del medio ambiente, no les queda m\u00e1s tiempo para el debate, solo acciones. Como parte de su estrategia, desde hace varios a\u00f1os, Ford ha implementado el desarrollo de tecnolog\u00edas de propulsi\u00f3n m\u00e1s limpias dentro de una transici\u00f3n gradual.<\/p>\n<p>En la actualidad no solo desarrollan el primer autom\u00f3vil el\u00e9ctrico hecho 100% en M\u00e9xico, sino que desde hace varios a\u00f1os han enfocado sus procesos a una producci\u00f3n m\u00e1s sustentable que reduzca la huella de carbono, el uso de energ\u00edas limpias en las instalaciones, la producci\u00f3n de algunos componentes para los veh\u00edculos hechos de materiales reciclados de primera calidad, entre otras acciones orientadas al cuidado del ambiente.<\/p>\n<p>El plan de electrificaci\u00f3n de Ford tiene como objetivo el desarrollo de 40 veh\u00edculos el\u00e9ctricos, h\u00edbridos e h\u00edbridos conectables dentro de nuestro portafolio para 2022.<\/p>\n<p><strong>Un lenguaje universal<\/strong>: La autonom\u00eda de los veh\u00edculos y su integraci\u00f3n como tecnolog\u00edas comunes es un reto que involucra a la industria, sociedad, infraestructura de las ciudades y gobiernos. Gran<br \/>\nparte de la tecnolog\u00eda necesaria para los veh\u00edculos de conducci\u00f3n autom\u00e1tica ya existe en la actualidad, pero no es posible implementarla sin entender c\u00f3mo transformar\u00e1 la vida de las personas.<\/p>\n<p>A medida que el desarrollo de veh\u00edculos aut\u00f3nomos se acelera, Ford ha integrado a un equipo de expertos en el desarrollo de software, simulaci\u00f3n y machine learning alrededor del mundo, fortaleciendo as\u00ed su unidad de negocio de veh\u00edculos aut\u00f3nomos.<\/p>\n<p><strong>Micromovilidad<\/strong>: En Ford creen que la libertad de movimiento impulsa el progreso de la humanidad. Este pensamiento les ha llevado a no s\u00f3lo ofrecer veh\u00edculos, sino que son participantes activos en el desarrollo de las nuevas soluciones, lo que permite una comprensi\u00f3n m\u00e1s profunda de las necesidades de los consumidores y las ciudades al impulsar proyectos que ayuden a las personas en la \u00faltima milla de su recorrido.<\/p>\n<p>\u201cDespu\u00e9s de 95 a\u00f1os que nos llenan de orgullo es evidente hoy m\u00e1s que nunca, que no podemos dejar de ver hacia el futuro, trabajar para que las ciudades sean inteligentes y los veh\u00edculos nos puedan llevar con toda la seguridad de manera aut\u00f3noma, haci\u00e9ndolas m\u00e1s f\u00e1ciles de transitar y de vivir en ellas, con ambientes m\u00e1s limpios, as\u00ed como una sinergia entre conductores, autos, ciclistas y peatones.\u201d dijo H\u00e9ctor P\u00e9rez, CEO y director de Ford de M\u00e9xico.<\/p>\n<p>\u201cEs gracias al talento de todos los colaboradores, los actuales y los que nos anteceden, as\u00ed como el apoyo de sus familias, clientes y aliados de negocio que hoy podamos ver con orgullo al pasado y pensar con entusiasmo en el futuro\u201d.<\/p>\n<p>Estos 95 a\u00f1os les han mostrado que la fuerza y motor de M\u00e9xico est\u00e1 en su gente. \u00abLa pasi\u00f3n es la que nos impulsa a avanzar con M\u00e9xico y hoy comprobamos que cuando todo se detiene lo \u00fanico que queda es seguir avanzando\u00bb.<\/p>\n<p>Han pasado miles de eventos en M\u00e9xico en el \u00faltimo siglo, pero una cosa es segura, en la mayor\u00eda de ellos, alg\u00fan vehiculo Ford ha sido mudo testigo, y en algunos casos, pieza clave.<\/p>\n<p><strong>K\u00d6NNTEN SIE AUCH INTERESSIERT SEIN AN:<\/strong><br \/>\n<a href=\"https:\/\/vipexperiences.mx\/de\/2020\/06\/21\/el-ux-300e-de-lexus-su-revolucion-electrica-silenciosa\/\">EL UX 300E DE LEXUS, SU REVOLUCI\u00d3N EL\u00c9CTRICA SILENCIOSA<\/a><br \/>\n<a href=\"https:\/\/vipexperiences.mx\/de\/2020\/05\/26\/panerai-submersible-chrono-guillaume-nery-edition-azul-profundo\/\">PANERAI SUBMERSIBLE CHRONO GUILLAUME N\u00c9RY EDITION, AZUL PROFUNDO<\/a><br \/>\n<a href=\"https:\/\/vipexperiences.mx\/de\/2020\/06\/10\/ford-mustang-mach-e-gt-2021-se-viste-de-cyber-orange\/\">FORD MUSTANG MACH-E GT 2021 SE VISTE DE CYBER ORANGE<\/a><\/p>","protected":false},"excerpt":{"rendered":"<p>Ford Motor Company inici\u00f3 sus operaciones en M\u00e9xico el 23 de junio de 1925, unos a\u00f1os antes de la Segunda Guerra Mundial, y desde entonces se han convertido en uno de los principales motores de nuestro pa\u00eds, no s\u00f3lo por el impacto que han tenido sus veh\u00edculos en millones de personas, sino como un brazo &#8230; <a title=\"Ford cumple 95 a\u00f1os de mover a M\u00e9xico\" class=\"read-more\" href=\"https:\/\/vipexperiences.mx\/de\/2020\/06\/23\/ford-cumple-95-anos-de-mover-a-mexico\/\" aria-label=\"Mehr Informationen \u00fcber Ford cumple 95 a\u00f1os de mover a M\u00e9xico\">Weiterlesen<\/a><\/p>","protected":false},"author":1,"featured_media":54517,"comment_status":"open","ping_status":"closed","sticky":false,"template":"","format":"standard","meta":{"_uag_custom_page_level_css":"","footnotes":""},"categories":[9],"tags":[3427,354,3428,252,3429,46],"class_list":["post-69090","post","type-post","status-publish","format-standard","has-post-thumbnail","hentry","category-motor","tag-95-anos","tag-ford","tag-galaxie","tag-mexico","tag-modelo-t","tag-tendencias"],"uagb_featured_image_src":{"full":["https:\/\/vipexperiences.mx\/wp-content\/uploads\/2024\/06\/Ford.-Proyecto-Mexico.png",1280,988,false],"thumbnail":["https:\/\/vipexperiences.mx\/wp-content\/uploads\/2024\/06\/Ford.-Proyecto-Mexico-150x150.png",150,150,true],"medium":["https:\/\/vipexperiences.mx\/wp-content\/uploads\/2024\/06\/Ford.-Proyecto-Mexico-300x232.png",300,232,true],"medium_large":["https:\/\/vipexperiences.mx\/wp-content\/uploads\/2024\/06\/Ford.-Proyecto-Mexico-768x593.png",768,593,true],"large":["https:\/\/vipexperiences.mx\/wp-content\/uploads\/2024\/06\/Ford.-Proyecto-Mexico-1024x790.png",1024,790,true],"1536x1536":["https:\/\/vipexperiences.mx\/wp-content\/uploads\/2024\/06\/Ford.-Proyecto-Mexico.png",1280,988,false],"2048x2048":["https:\/\/vipexperiences.mx\/wp-content\/uploads\/2024\/06\/Ford.-Proyecto-Mexico.png",1280,988,false],"trp-custom-language-flag":["https:\/\/vipexperiences.mx\/wp-content\/uploads\/2024\/06\/Ford.-Proyecto-Mexico-16x12.png",16,12,true]},"uagb_author_info":{"display_name":"admin","author_link":"https:\/\/vipexperiences.mx\/de\/author\/soporte_4z6oqe9k\/"},"uagb_comment_info":0,"uagb_excerpt":"Ford Motor Company inici\u00f3 sus operaciones en M\u00e9xico el 23 de junio de 1925, unos a\u00f1os antes de la Segunda Guerra Mundial, y desde entonces se han convertido en uno de los principales motores de nuestro pa\u00eds, no s\u00f3lo por el impacto que han tenido sus veh\u00edculos en millones de personas, sino como un brazo&hellip;","_links":{"self":[{"href":"https:\/\/vipexperiences.mx\/de\/wp-json\/wp\/v2\/posts\/69090","targetHints":{"allow":["GET"]}}],"collection":[{"href":"https:\/\/vipexperiences.mx\/de\/wp-json\/wp\/v2\/posts"}],"about":[{"href":"https:\/\/vipexperiences.mx\/de\/wp-json\/wp\/v2\/types\/post"}],"author":[{"embeddable":true,"href":"https:\/\/vipexperiences.mx\/de\/wp-json\/wp\/v2\/users\/1"}],"replies":[{"embeddable":true,"href":"https:\/\/vipexperiences.mx\/de\/wp-json\/wp\/v2\/comments?post=69090"}],"version-history":[{"count":0,"href":"https:\/\/vipexperiences.mx\/de\/wp-json\/wp\/v2\/posts\/69090\/revisions"}],"wp:featuredmedia":[{"embeddable":true,"href":"https:\/\/vipexperiences.mx\/de\/wp-json\/wp\/v2\/media\/54517"}],"wp:attachment":[{"href":"https:\/\/vipexperiences.mx\/de\/wp-json\/wp\/v2\/media?parent=69090"}],"wp:term":[{"taxonomy":"category","embeddable":true,"href":"https:\/\/vipexperiences.mx\/de\/wp-json\/wp\/v2\/categories?post=69090"},{"taxonomy":"post_tag","embeddable":true,"href":"https:\/\/vipexperiences.mx\/de\/wp-json\/wp\/v2\/tags?post=69090"}],"curies":[{"name":"wp","href":"https:\/\/api.w.org\/{rel}","templated":true}]}}