{"id":68227,"date":"2020-02-16T00:00:00","date_gmt":"2020-02-16T00:00:00","guid":{"rendered":"https:\/\/vipexperiences.mx\/jaguar-racing-brillo-en-la-formula-e-de-mexico\/"},"modified":"2020-02-16T00:00:00","modified_gmt":"2020-02-16T00:00:00","slug":"jaguar-racing-brillo-en-la-formula-e-de-mexico","status":"publish","type":"post","link":"https:\/\/vipexperiences.mx\/de\/2020\/02\/16\/jaguar-racing-brillo-en-la-formula-e-de-mexico\/","title":{"rendered":"Jaguar Racing brill\u00f3 en la F\u00f3rmula E de M\u00e9xico"},"content":{"rendered":"<p align=\"justify\"><span style=\"color: #000000;\"><span style=\"font-family: Verdana, sans-serif;\"><span style=\"font-size: medium;\"><strong>Texto y fotos: V\u00edctor Galv\u00e1n J.<\/strong><\/span><\/span><\/span><\/p>\n<p align=\"justify\"><span style=\"color: #000000;\"><span style=\"font-family: Verdana, sans-serif;\"><span style=\"font-size: medium;\">El desempe\u00f1o mostrado por el Jaguar Racing de Mitch Evans en<strong> la cuarta ronda del Campeonato Mundial de F\u00f3rmula E<\/strong> dej\u00f3 en claro que la firma inglesa est\u00e1 lista para pelear por el t\u00edtulo en la actual temporada.<\/span><\/span><\/span><\/p>\n<p align=\"justify\"><span style=\"color: #000000;\"><span style=\"font-family: Verdana, sans-serif;\"><span style=\"font-size: medium;\">E<\/span><\/span><\/span><span style=\"color: #000000;\"><span style=\"font-family: Verdana, sans-serif;\"><span style=\"font-size: medium;\">l<\/span><\/span><\/span><span style=\"color: #000000;\"><span style=\"font-family: Verdana, sans-serif;\"><span style=\"font-size: medium;\"> ePrix de M\u00e9xico, <\/span><\/span><\/span><span style=\"color: #000000;\"><span style=\"font-family: Verdana, sans-serif;\"><span style=\"font-size: medium;\">disputado en el Aut\u00f3dromo Hermanos Rodr\u00edguez,<\/span><\/span><\/span> <span style=\"color: #000000;\"><span style=\"font-family: Verdana, sans-serif;\"><span style=\"font-size: medium;\">fue <strong>dominado desde la arrancada por Evans, quien aprovech\u00f3 que el Porsche de Andr\u00e9 Lotterer derrap\u00f3 en la arrancada y no pudo defender la Superpole<\/strong>.<\/span><\/span><\/span><\/p>\n<p align=\"justify\"><span style=\"color: #000000;\"><span style=\"font-family: Verdana, sans-serif;\"><span style=\"font-size: medium;\">As\u00ed, Evans manej\u00f3 a la perfecci\u00f3n frente a un abarrotado Foro Sol, que disfrut\u00f3 las 36 vueltas que dieron los autos el\u00e9ctricos de la categor\u00eda mundial.<\/span><\/span><\/span><\/p>\n<p align=\"justify\"><span style=\"color: #000000;\"><span style=\"font-family: Verdana, sans-serif;\"><span style=\"font-size: medium;\"><strong>En segundo lugar finaliz\u00f3 Antonio Felix Da Costa<\/strong>, quien tuvo una de las mejores carreras de la parrilla, al arrancar desde el noveno puesto y contener con el Techeetah al Nissan de Sebastian Buemi, quien complet\u00f3 el podium.<\/span><\/span><\/span><\/p>\n<p align=\"justify\"><span style=\"color: #000000;\"><span style=\"font-family: Verdana, sans-serif;\"><span style=\"font-size: medium;\">La carrera mexicana fue toda una fiesta para los asistentes, quienes pudieron ver el gran desempe\u00f1o de Jean Eric Vergne, quien logr\u00f3 cerrar en el cuarto puesto, delante de Alexander Sims y de Lucas di Grassi. Completaron los 10 mejores Oliver Rowland, Edoardo Mortara, Pascal Wehrlein y Jerome D\u2019Ambrosio.<\/span><\/span><\/span><\/p>\n<p align=\"justify\"><img data-dominant-color=\"494d4f\" data-has-transparency=\"false\" style=\"--dominant-color: #494d4f;\" fetchpriority=\"high\" decoding=\"async\" class=\"alignnone size-medium wp-image-4239 not-transparent\" src=\"https:\/\/vipexperiences.mx\/wp-content\/uploads\/2020\/02\/Mario-Dominguez-Mexico-1000x627.jpg\" alt=\"\" width=\"1000\" height=\"627\" \/><\/p>\n<p align=\"justify\"><strong><span style=\"color: #000000;\"><span style=\"font-family: Verdana, sans-serif;\"><span style=\"font-size: medium;\">MARIO DOM\u00cdNGUEZ SORPRENDI\u00d3 EN EL JAGUAR I-PACE ETROPHY<\/span><\/span><\/span><\/strong><\/p>\n<p align=\"justify\"><span style=\"color: #000000;\"><span style=\"font-family: Verdana, sans-serif;\"><span style=\"font-size: medium;\">Al t\u00e9rmino de la ronda de los f\u00f3rmula, se llev\u00f3 a cabo la carrera de la serie monomarca Jaguar I-Pace eTrophy, que acompa\u00f1a a la categor\u00eda en todo el mundo. Para la ronda mexicana <strong>Jaguar design\u00f3 a Mario Dom\u00ednguez como el piloto VIP<\/strong>, que, aunque no punt\u00faa para el campeonato, se convertir\u00eda en la gran atracci\u00f3n de la prueba.<\/span><\/span><\/span><\/p>\n<p align=\"justify\"><span style=\"color: #000000;\"><span style=\"font-family: Verdana, sans-serif;\"><span style=\"font-size: medium;\">El mexicano regres\u00f3 a las pistas <\/span><\/span><\/span><span style=\"color: #000000;\"><span style=\"font-family: Verdana, sans-serif;\"><span style=\"font-size: medium;\">l<\/span><\/span><\/span><span style=\"color: #000000;\"><span style=\"font-family: Verdana, sans-serif;\"><span style=\"font-size: medium;\">uego de un lustro de ausencia y lo hizo de la mejor manera, pues consigui\u00f3 el tercer lugar general, detr\u00e1s de Sergio Jimene<\/span><\/span><\/span><span style=\"color: #000000;\"><span style=\"font-family: Verdana, sans-serif;\"><span style=\"font-size: medium;\">z y Somin Evans.<\/span><\/span><\/span><\/p>\n<p align=\"justify\"><span style=\"color: #000000;\"><span style=\"font-family: Verdana, sans-serif;\"><span style=\"font-size: medium;\">Con este resultado, <strong>Dom\u00ednguez ayud\u00f3 a que Jaguar fuera la gran estrella del fin de semana de F\u00f3rmula E en M\u00e9xico<\/strong>, e incluso algunos de los fan\u00e1ticos del expiloto de Champ Car expresaron sus deseos de verlo todo el campeonato.<\/span><\/span><\/span><\/p>\n<p align=\"justify\">","protected":false},"excerpt":{"rendered":"<p>Texto y fotos: V\u00edctor Galv\u00e1n J. El desempe\u00f1o mostrado por el Jaguar Racing de Mitch Evans en la cuarta ronda del Campeonato Mundial de F\u00f3rmula E dej\u00f3 en claro que la firma inglesa est\u00e1 lista para pelear por el t\u00edtulo en la actual temporada. El ePrix de M\u00e9xico, disputado en el Aut\u00f3dromo Hermanos Rodr\u00edguez, fue &#8230; <a title=\"Jaguar Racing brill\u00f3 en la F\u00f3rmula E de M\u00e9xico\" class=\"read-more\" href=\"https:\/\/vipexperiences.mx\/de\/2020\/02\/16\/jaguar-racing-brillo-en-la-formula-e-de-mexico\/\" aria-label=\"Mehr Informationen \u00fcber Jaguar Racing brill\u00f3 en la F\u00f3rmula E de M\u00e9xico\">Weiterlesen<\/a><\/p>","protected":false},"author":1,"featured_media":50949,"comment_status":"open","ping_status":"closed","sticky":false,"template":"","format":"standard","meta":{"_uag_custom_page_level_css":"","footnotes":""},"categories":[9],"tags":[1356,389,283,815,1359,1360,46],"class_list":["post-68227","post","type-post","status-publish","format-standard","has-post-thumbnail","hentry","category-motor","tag-autodromo-hermanos-rodriguez","tag-ciudad-de-mexico","tag-electrico","tag-formula-e","tag-jaguar","tag-mario-dominguez","tag-tendencias"],"uagb_featured_image_src":{"full":["https:\/\/vipexperiences.mx\/wp-content\/uploads\/2024\/06\/Mitch-Evans-Mexico-jpg.webp",1200,773,false],"thumbnail":["https:\/\/vipexperiences.mx\/wp-content\/uploads\/2024\/06\/Mitch-Evans-Mexico-150x150.webp",150,150,true],"medium":["https:\/\/vipexperiences.mx\/wp-content\/uploads\/2024\/06\/Mitch-Evans-Mexico-300x193.webp",300,193,true],"medium_large":["https:\/\/vipexperiences.mx\/wp-content\/uploads\/2024\/06\/Mitch-Evans-Mexico-768x495.webp",768,495,true],"large":["https:\/\/vipexperiences.mx\/wp-content\/uploads\/2024\/06\/Mitch-Evans-Mexico-1024x660.webp",1024,660,true],"1536x1536":["https:\/\/vipexperiences.mx\/wp-content\/uploads\/2024\/06\/Mitch-Evans-Mexico-jpg.webp",1200,773,false],"2048x2048":["https:\/\/vipexperiences.mx\/wp-content\/uploads\/2024\/06\/Mitch-Evans-Mexico-jpg.webp",1200,773,false],"trp-custom-language-flag":["https:\/\/vipexperiences.mx\/wp-content\/uploads\/2024\/06\/Mitch-Evans-Mexico-18x12.webp",18,12,true]},"uagb_author_info":{"display_name":"admin","author_link":"https:\/\/vipexperiences.mx\/de\/author\/soporte_4z6oqe9k\/"},"uagb_comment_info":0,"uagb_excerpt":"Texto y fotos: V\u00edctor Galv\u00e1n J. El desempe\u00f1o mostrado por el Jaguar Racing de Mitch Evans en la cuarta ronda del Campeonato Mundial de F\u00f3rmula E dej\u00f3 en claro que la firma inglesa est\u00e1 lista para pelear por el t\u00edtulo en la actual temporada. El ePrix de M\u00e9xico, disputado en el Aut\u00f3dromo Hermanos Rodr\u00edguez, fue&hellip;","_links":{"self":[{"href":"https:\/\/vipexperiences.mx\/de\/wp-json\/wp\/v2\/posts\/68227","targetHints":{"allow":["GET"]}}],"collection":[{"href":"https:\/\/vipexperiences.mx\/de\/wp-json\/wp\/v2\/posts"}],"about":[{"href":"https:\/\/vipexperiences.mx\/de\/wp-json\/wp\/v2\/types\/post"}],"author":[{"embeddable":true,"href":"https:\/\/vipexperiences.mx\/de\/wp-json\/wp\/v2\/users\/1"}],"replies":[{"embeddable":true,"href":"https:\/\/vipexperiences.mx\/de\/wp-json\/wp\/v2\/comments?post=68227"}],"version-history":[{"count":0,"href":"https:\/\/vipexperiences.mx\/de\/wp-json\/wp\/v2\/posts\/68227\/revisions"}],"wp:featuredmedia":[{"embeddable":true,"href":"https:\/\/vipexperiences.mx\/de\/wp-json\/wp\/v2\/media\/50949"}],"wp:attachment":[{"href":"https:\/\/vipexperiences.mx\/de\/wp-json\/wp\/v2\/media?parent=68227"}],"wp:term":[{"taxonomy":"category","embeddable":true,"href":"https:\/\/vipexperiences.mx\/de\/wp-json\/wp\/v2\/categories?post=68227"},{"taxonomy":"post_tag","embeddable":true,"href":"https:\/\/vipexperiences.mx\/de\/wp-json\/wp\/v2\/tags?post=68227"}],"curies":[{"name":"wp","href":"https:\/\/api.w.org\/{rel}","templated":true}]}}