{"id":70015,"date":"2020-10-09T00:00:00","date_gmt":"2020-10-09T00:00:00","guid":{"rendered":"https:\/\/vipexperiences.mx\/la-obra-de-arte-de-mercedes-benz-que-apoyara-al-post-modern\/"},"modified":"2020-10-09T00:00:00","modified_gmt":"2020-10-09T00:00:00","slug":"la-obra-de-arte-de-mercedes-benz-que-apoyara-al-post-modern","status":"publish","type":"post","link":"https:\/\/vipexperiences.mx\/ar\/2020\/10\/09\/la-obra-de-arte-de-mercedes-benz-que-apoyara-al-post-modern\/","title":{"rendered":"La obra de arte de Mercedes-Benz que apoyar\u00e1 al \u00abPost-Modern\u00bb"},"content":{"rendered":"<p>Cuando cay\u00f3 el mazo en la subasta Contemporary Curated en Sotheby&#8217;s a principios de este mes, se reiter\u00f3 cu\u00e1n poderoso puede ser el arte de un veh\u00edculo para crear oportunidades y cambios positivos.<\/p>\n<p>Cocurado por Gorden Wagener, director de dise\u00f1o de Mercedes-Benz y Virgil Abloh, director creativo\/fundador de Off-White y director art\u00edstico de Louis Vuitton, el lote principal era un Mercedes-Benz \u00fanico en su clase: el Proyecto Gel\u00e4ndewagen a escala 1:3, como parte de la colaboraci\u00f3n entre los dos artistas.<\/p>\n<p>Project Gel\u00e4ndewagen es la primera iniciativa de este tipo: un proyecto de dise\u00f1o conceptual que unifica las mentes l\u00edderes en el dise\u00f1o de autom\u00f3viles con una de las mayores fuerzas de dise\u00f1o en la moda, que se unen para crear una pieza de dise\u00f1o ic\u00f3nica que trasciende los l\u00edmites de sus respectivos campos.<\/p>\n<figure id=\"attachment_17606\" aria-describedby=\"caption-attachment-17606\" style=\"width: 1190px\" class=\"wp-caption aligncenter\"><img fetchpriority=\"high\" decoding=\"async\" class=\"size-full wp-image-17606\" src=\"https:\/\/vipexperiences.mx\/wp-content\/uploads\/2020\/10\/Mercedes-Arte-2.jpg\" alt=\"\" width=\"1200\" height=\"675\" \/><figcaption id=\"caption-attachment-17606\" class=\"wp-caption-text\">Foto: Mercedes-Benz.<\/figcaption><\/figure>\n<p>Parte realidad y parte fantas\u00eda, el proyecto, que se lanz\u00f3 en septiembre de este a\u00f1o, utiliz\u00f3 la Clase G de Mercedes-Benz para explorar formas de alterar las percepciones futuras del lujo y el resultado es una manifestaci\u00f3n distintiva de la Clase G como nunca antes se hab\u00eda visto.<\/p>\n<p>El modelo a escala para el hogar, creado exclusivamente para la subasta ben\u00e9fica, permite al ganador poseer esta pieza de dise\u00f1o \u00fanica y conocer personalmente los conceptos de dise\u00f1o que se inspiraron en Wagener y Abloh.<\/p>\n<p>Adem\u00e1s, apoyar a las industrias creativas en este momento cr\u00edtico fue clave tanto para Mercedes-Benz como para Abloh. La venta de la r\u00e9plica de la pieza de dise\u00f1o colaborativo recaud\u00f3 160 mil d\u00f3lares, y todos los ingresos se destinaron al Fondo de becas Virgil Abloh \u00abPost-Modern\u00bb para apoyar a los estudiantes de moda con promesas acad\u00e9micas de ascendencia negra, afroamericana o africana.<\/p>\n<figure id=\"attachment_17607\" aria-describedby=\"caption-attachment-17607\" style=\"width: 1190px\" class=\"wp-caption aligncenter\"><img decoding=\"async\" class=\"size-full wp-image-17607\" src=\"https:\/\/vipexperiences.mx\/wp-content\/uploads\/2020\/10\/Mercedes-Arte-3.jpg\" alt=\"\" width=\"1200\" height=\"800\" \/><figcaption id=\"caption-attachment-17607\" class=\"wp-caption-text\">Foto: Mercedes-Benz.<\/figcaption><\/figure>\n<p>Bettina Fetzer, vicepresidenta de marketing de Mercedes-Benz AG, dijo: \u00abLa creatividad impulsa a Mercedes-Benz y, como marca de lujo global, somos conscientes de nuestra voz y asumimos la responsabilidad de ella. Todos sentimos que era crucial apoyar a la comunidad creativa durante este momento dif\u00edcil, y estamos encantados de recaudar fondos para la Beca &#8216;Post-Moderna&#8217; de Virgil, donando todas las ganancias a una causa importante que inspira a la pr\u00f3xima generaci\u00f3n\u00bb.<\/p>\n<p>A lo largo de la subasta de Sotheby&#8217;s Contemporary Curated, la influencia de Gorden Wagener y Virgil Abloh irradi\u00f3 m\u00e1s all\u00e1 de la maqueta del Proyecto Gel\u00e4ndewagen. Entre los aspectos m\u00e1s destacados, que se exhibieron con cita previa en la sede de Sotheby\u2019s York Avenue en Nueva York, se encontraban tres obras de arte seleccionadas por cada visionario del dise\u00f1o.<\/p>\n<p>Las l\u00edneas puras y la est\u00e9tica audaz que forman los dise\u00f1os de Gorden Wagener en Mercedes-Benz se reflejan en su edici\u00f3n de im\u00e1genes no representativas, incluida Ember de Kenneth Noland (1960), Pass de Helen Frankenthaler (1969) y 14.2.88 de Gerhard Richter (1988). Mientras tanto, Virgil Abloh aprovech\u00f3 la oportunidad para destacar a los artistas afroamericanos seminales que protagonizaron la subasta, sus selecciones incluyeron: Barkley L. Hendricks retrato Latin From Manhattan &#8230; The Bronx Actually (1980), The Wonderful One de Kerry James Marshall (1986) y Untitled Anxious Dibujo rojo de Rashid Johnson (2020).<\/p>\n<figure id=\"attachment_17608\" aria-describedby=\"caption-attachment-17608\" style=\"width: 1190px\" class=\"wp-caption aligncenter\"><img decoding=\"async\" class=\"size-full wp-image-17608\" src=\"https:\/\/vipexperiences.mx\/wp-content\/uploads\/2020\/10\/Mercedes-Arte-4.jpg\" alt=\"\" width=\"1200\" height=\"800\" \/><figcaption id=\"caption-attachment-17608\" class=\"wp-caption-text\">Foto: Mercedes-Benz.<\/figcaption><\/figure>\n<p>Gorden Wagener dice: \u00abMe siento honrado de ser el cocurador de la estimada subasta de Sotheby&#8217;s este a\u00f1o junto a Virgil. Mercedes-Benz siempre ha sido un apasionado de inspirar creatividad, y la idea detr\u00e1s del Proyecto Gel\u00e4ndewagen era investigar nuevas definiciones de lujo y dise\u00f1o. Dados los tiempos en los que vivimos, nos sentimos obligados a retribuir y hacer algo para ayudar a dar forma al futuro, que es de lo que se trata este Proyecto. Ahora m\u00e1s que nunca, los que tenemos voz y hemos abierto puertas debemos mantenerlas abiertas y asegurarnos de que la conversaci\u00f3n incluya a los j\u00f3venes\u00bb.<\/p>\n<p>Virgil Abloh agreg\u00f3: \u00abEsto es lo que estamos trabajando para lograr a trav\u00e9s de mi fondo de becas postmodernas. Todo lo que he hecho en mi carrera ha sido allanar el camino para la pr\u00f3xima generaci\u00f3n, y ahora, con la ayuda de Mercedes-Benz, podemos dar un paso m\u00e1s\u00bb.<\/p>\n<h6>Acerca del fondo de becas \u00abposmoderno\u00bb<\/h6>\n<figure id=\"attachment_17609\" aria-describedby=\"caption-attachment-17609\" style=\"width: 390px\" class=\"wp-caption alignleft\"><img loading=\"lazy\" decoding=\"async\" class=\"size-thumbnail wp-image-17609\" src=\"https:\/\/vipexperiences.mx\/wp-content\/uploads\/2020\/10\/Mercedes-Arte-5-400x256.jpg\" alt=\"\" width=\"400\" height=\"256\" \/><figcaption id=\"caption-attachment-17609\" class=\"wp-caption-text\">Foto: Mercedes-Benz.<\/figcaption><\/figure>\n<p>Virgil Abloh, con el apoyo de sus socios evian, Farfetch, Louis Vuitton, New Guards Group y Nike, ha comprometido 1 mill\u00f3n para apoyar becas y oportunidades profesionales para estudiantes negros a trav\u00e9s del Fondo de Becas Virgil Abloh TM \u201cPost-Modern\u201d, que administrarse en asociaci\u00f3n con Fashion Scholarship Fund (FSF), la principal organizaci\u00f3n sin fines de lucro de educaci\u00f3n y desarrollo de la fuerza laboral orientada a la moda en los EUA.<\/p>\n<p>La misi\u00f3n del Fondo es fomentar la equidad y la inclusi\u00f3n dentro de la industria de la moda al proporcionar becas a estudiantes con promesa acad\u00e9mica de ascendencia negra, afroamericana o africana.<\/p>\n<p>El concurso anual de becas de la FSF otorga becas por m\u00e9rito a los estudiantes de pregrado que completen con \u00e9xito un concurso de estudios de caso. La FSF tambi\u00e9n ofrece a los acad\u00e9micos codiciados pasant\u00edas y oportunidades profesionales, mentores, eventos de desarrollo profesional, redes y acceso a los l\u00edderes y empresas m\u00e1s influyentes de la industria.<\/p>\n<figure id=\"attachment_17610\" aria-describedby=\"caption-attachment-17610\" style=\"width: 1190px\" class=\"wp-caption aligncenter\"><img loading=\"lazy\" decoding=\"async\" class=\"size-full wp-image-17610\" src=\"https:\/\/vipexperiences.mx\/wp-content\/uploads\/2020\/10\/Mercedes-Arte-6.jpg\" alt=\"\" width=\"1200\" height=\"800\" \/><figcaption id=\"caption-attachment-17610\" class=\"wp-caption-text\">Foto: Mercedes-Benz.<\/figcaption><\/figure>\n<p><strong>\u0642\u062f \u062a\u0643\u0648\u0646 \u0645\u0647\u062a\u0645\u064b\u0627 \u0623\u064a\u0636\u064b\u0627 \u0628\u0640<\/strong><br \/>\n<a href=\"https:\/\/vipexperiences.mx\/ar\/2020\/10\/07\/escalade-2021-la-iconica-suv-de-cadillac-llegara-a-mexico\/\">ESCALADE 2021, LA IC\u00d3NICA SUV DE CADILLAC, LLEGAR\u00c1 A M\u00c9XICO<\/a><br \/>\n<a href=\"https:\/\/vipexperiences.mx\/ar\/2020\/10\/08\/tag-heuer-lanza-nuevos-modelos-monaco\/\">TAG HEUER LANZA NUEVOS MODELOS MONACO<\/a><br \/>\n<a href=\"https:\/\/vipexperiences.mx\/ar\/2020\/10\/06\/el-futuro-electrico-de-mercedes-benz-ya-es-presente\/\">EL FUTURO EL\u00c9CTRICO DE MERCEDES-BENZ YA ES PRESENTE<\/a><\/p>","protected":false},"excerpt":{"rendered":"<p>Cuando cay\u00f3 el mazo en la subasta Contemporary Curated en Sotheby&#8217;s a principios de este mes, se reiter\u00f3 cu\u00e1n poderoso puede ser el arte de un veh\u00edculo para crear oportunidades y cambios positivos. Cocurado por Gorden Wagener, director de dise\u00f1o de Mercedes-Benz y Virgil Abloh, director creativo\/fundador de Off-White y director art\u00edstico de Louis Vuitton, &#8230; <a title=\"La obra de arte de Mercedes-Benz que apoyar\u00e1 al \u00abPost-Modern\u00bb\" class=\"read-more\" href=\"https:\/\/vipexperiences.mx\/ar\/2020\/10\/09\/la-obra-de-arte-de-mercedes-benz-que-apoyara-al-post-modern\/\" aria-label=\"Read more about La obra de arte de Mercedes-Benz que apoyar\u00e1 al \u00abPost-Modern\u00bb\">\u0627\u0644\u0642\u0631\u0623 \u0627\u0644\u0645\u0632\u064a\u062f<\/a><\/p>","protected":false},"author":1,"featured_media":58110,"comment_status":"open","ping_status":"closed","sticky":false,"template":"","format":"standard","meta":{"_uag_custom_page_level_css":"","footnotes":""},"categories":[9],"tags":[134,2475,4983,180,140,4984,3181,46],"class_list":["post-70015","post","type-post","status-publish","format-standard","has-post-thumbnail","hentry","category-motor","tag-arte","tag-escultura","tag-maqueta","tag-mercedes-benz","tag-museo","tag-proyecto-gelandewagen","tag-subasta","tag-tendencias"],"uagb_featured_image_src":{"full":["https:\/\/vipexperiences.mx\/wp-content\/uploads\/2024\/06\/Mercedes-Arte-1-jpg.webp",1200,675,false],"thumbnail":["https:\/\/vipexperiences.mx\/wp-content\/uploads\/2024\/06\/Mercedes-Arte-1-150x150.webp",150,150,true],"medium":["https:\/\/vipexperiences.mx\/wp-content\/uploads\/2024\/06\/Mercedes-Arte-1-300x169.webp",300,169,true],"medium_large":["https:\/\/vipexperiences.mx\/wp-content\/uploads\/2024\/06\/Mercedes-Arte-1-768x432.webp",768,432,true],"large":["https:\/\/vipexperiences.mx\/wp-content\/uploads\/2024\/06\/Mercedes-Arte-1-1024x576.webp",1024,576,true],"1536x1536":["https:\/\/vipexperiences.mx\/wp-content\/uploads\/2024\/06\/Mercedes-Arte-1-jpg.webp",1200,675,false],"2048x2048":["https:\/\/vipexperiences.mx\/wp-content\/uploads\/2024\/06\/Mercedes-Arte-1-jpg.webp",1200,675,false],"trp-custom-language-flag":["https:\/\/vipexperiences.mx\/wp-content\/uploads\/2024\/06\/Mercedes-Arte-1-18x10.webp",18,10,true]},"uagb_author_info":{"display_name":"admin","author_link":"https:\/\/vipexperiences.mx\/ar\/author\/soporte_4z6oqe9k\/"},"uagb_comment_info":0,"uagb_excerpt":"Cuando cay\u00f3 el mazo en la subasta Contemporary Curated en Sotheby&#8217;s a principios de este mes, se reiter\u00f3 cu\u00e1n poderoso puede ser el arte de un veh\u00edculo para crear oportunidades y cambios positivos. Cocurado por Gorden Wagener, director de dise\u00f1o de Mercedes-Benz y Virgil Abloh, director creativo\/fundador de Off-White y director art\u00edstico de Louis Vuitton,&hellip;","_links":{"self":[{"href":"https:\/\/vipexperiences.mx\/ar\/wp-json\/wp\/v2\/posts\/70015","targetHints":{"allow":["GET"]}}],"collection":[{"href":"https:\/\/vipexperiences.mx\/ar\/wp-json\/wp\/v2\/posts"}],"about":[{"href":"https:\/\/vipexperiences.mx\/ar\/wp-json\/wp\/v2\/types\/post"}],"author":[{"embeddable":true,"href":"https:\/\/vipexperiences.mx\/ar\/wp-json\/wp\/v2\/users\/1"}],"replies":[{"embeddable":true,"href":"https:\/\/vipexperiences.mx\/ar\/wp-json\/wp\/v2\/comments?post=70015"}],"version-history":[{"count":0,"href":"https:\/\/vipexperiences.mx\/ar\/wp-json\/wp\/v2\/posts\/70015\/revisions"}],"wp:featuredmedia":[{"embeddable":true,"href":"https:\/\/vipexperiences.mx\/ar\/wp-json\/wp\/v2\/media\/58110"}],"wp:attachment":[{"href":"https:\/\/vipexperiences.mx\/ar\/wp-json\/wp\/v2\/media?parent=70015"}],"wp:term":[{"taxonomy":"category","embeddable":true,"href":"https:\/\/vipexperiences.mx\/ar\/wp-json\/wp\/v2\/categories?post=70015"},{"taxonomy":"post_tag","embeddable":true,"href":"https:\/\/vipexperiences.mx\/ar\/wp-json\/wp\/v2\/tags?post=70015"}],"curies":[{"name":"wp","href":"https:\/\/api.w.org\/{rel}","templated":true}]}}