{"id":68137,"date":"2019-12-17T00:00:00","date_gmt":"2019-12-17T00:00:00","guid":{"rendered":"https:\/\/vipexperiences.mx\/formula-e-ahora-tiene-un-mercedes\/"},"modified":"2019-12-17T00:00:00","modified_gmt":"2019-12-17T00:00:00","slug":"formula-e-ahora-tiene-un-mercedes","status":"publish","type":"post","link":"https:\/\/vipexperiences.mx\/ar\/2019\/12\/17\/formula-e-ahora-tiene-un-mercedes\/","title":{"rendered":"Formula E ahora tiene un Mercedes"},"content":{"rendered":"<p style=\"text-align: justify;\">La <strong>Formula E<\/strong> fue creada en 2011 por el presidente de la F\u00e9d\u00e9ration Internationale de l\u2019Automobile (FIA), Jean Todt. Uni\u00f3 fuerzas con el fundador y CEO de F\u00f3rmula E, Alejandro Agag y crearon una marca global ecol\u00f3gica de carreras de coches.<\/p>\n<p style=\"text-align: justify;\">Ahora, <strong>celebrar\u00e1 su sexta temporada<\/strong> y con ellos, se une a la parrilla el Mercedes-Benz EQ Formula E Team para la temporada 2019\/2020. Guiados por Ian James, llegan dos prometedores pilotos para conducir la nueva flecha plateada.<\/p>\n<p style=\"text-align: justify;\">Desde hace un par de a\u00f1os, <strong>Mercedes-Benz anunci\u00f3 sus planes para incorporarse como equipo al serial de automovilismo el\u00e9ctrico<\/strong> que cada vez gana m\u00e1s fuerza y popularidad. Este a\u00f1o en la IAA Frankfurt develaron el Mercedes-Benz EQ Silver Arrow 01.<\/p>\n<p><img data-dominant-color=\"94999d\" data-has-transparency=\"false\" style=\"--dominant-color: #94999d;\" fetchpriority=\"high\" decoding=\"async\" class=\"alignnone size-full wp-image-3229 not-transparent\" src=\"https:\/\/vipexperiences.mx\/wp-content\/uploads\/2019\/12\/1-25.jpg\" alt=\"Mercedes Formula E\" width=\"1200\" height=\"600\" \/><\/p>\n<p style=\"text-align: justify;\"><strong>El auto, es una obra de arte<\/strong>. La nariz y el monocasco llevan el tradicional color gris de las flechas plateadas aunque en la zaga del auto se desvanecen para incorporar un patr\u00f3n de estrellas, <strong>muy al estilo del W10 de Formula 1.<\/strong> En los laterales, el auto incorpora el color negro, tambi\u00e9n reconocido para la marca.<\/p>\n<p style=\"text-align: justify;\">Adem\u00e1s, ambos colores est\u00e1n separados por una l\u00ednea que asemeja luz azul y porta los emblemas EQ en las alas traseras y por encima de la cabeza del piloto. As\u00ed, la m\u00e1s reciente flecha plateada, y por primera vez el\u00e9ctrica, se deja ver y amenaza con ser un fuerte contendiente para la sexta temporada de <strong>Formula E.<\/strong><\/p>\n<p><img data-dominant-color=\"aaabae\" data-has-transparency=\"false\" style=\"--dominant-color: #aaabae;\" decoding=\"async\" class=\"alignnone size-full wp-image-3231 not-transparent\" src=\"https:\/\/vipexperiences.mx\/wp-content\/uploads\/2019\/12\/3-9.jpg\" alt=\"Mercedes Formula E\" width=\"1200\" height=\"600\" \/><\/p>","protected":false},"excerpt":{"rendered":"<p>La Formula E fue creada en 2011 por el presidente de la F\u00e9d\u00e9ration Internationale de l\u2019Automobile (FIA), Jean Todt. Uni\u00f3 fuerzas con el fundador y CEO de F\u00f3rmula E, Alejandro Agag y crearon una marca global ecol\u00f3gica de carreras de coches. Ahora, celebrar\u00e1 su sexta temporada y con ellos, se une a la parrilla el &#8230; <a title=\"Formula E ahora tiene un Mercedes\" class=\"read-more\" href=\"https:\/\/vipexperiences.mx\/ar\/2019\/12\/17\/formula-e-ahora-tiene-un-mercedes\/\" aria-label=\"Read more about Formula E ahora tiene un Mercedes\">\u0627\u0644\u0642\u0631\u0623 \u0627\u0644\u0645\u0632\u064a\u062f<\/a><\/p>","protected":false},"author":1,"featured_media":50346,"comment_status":"open","ping_status":"closed","sticky":false,"template":"","format":"standard","meta":{"_uag_custom_page_level_css":"","footnotes":""},"categories":[9],"tags":[815,816,180,46],"class_list":["post-68137","post","type-post","status-publish","format-standard","has-post-thumbnail","hentry","category-motor","tag-formula-e","tag-jean-todt","tag-mercedes-benz","tag-tendencias"],"uagb_featured_image_src":{"full":["https:\/\/vipexperiences.mx\/wp-content\/uploads\/2024\/06\/2-26-1-jpg.webp",1200,600,false],"thumbnail":["https:\/\/vipexperiences.mx\/wp-content\/uploads\/2024\/06\/2-26-1-150x150.webp",150,150,true],"medium":["https:\/\/vipexperiences.mx\/wp-content\/uploads\/2024\/06\/2-26-1-300x150.webp",300,150,true],"medium_large":["https:\/\/vipexperiences.mx\/wp-content\/uploads\/2024\/06\/2-26-1-768x384.webp",768,384,true],"large":["https:\/\/vipexperiences.mx\/wp-content\/uploads\/2024\/06\/2-26-1-1024x512.webp",1024,512,true],"1536x1536":["https:\/\/vipexperiences.mx\/wp-content\/uploads\/2024\/06\/2-26-1-jpg.webp",1200,600,false],"2048x2048":["https:\/\/vipexperiences.mx\/wp-content\/uploads\/2024\/06\/2-26-1-jpg.webp",1200,600,false],"trp-custom-language-flag":["https:\/\/vipexperiences.mx\/wp-content\/uploads\/2024\/06\/2-26-1-18x9.webp",18,9,true]},"uagb_author_info":{"display_name":"admin","author_link":"https:\/\/vipexperiences.mx\/ar\/author\/soporte_4z6oqe9k\/"},"uagb_comment_info":0,"uagb_excerpt":"La Formula E fue creada en 2011 por el presidente de la F\u00e9d\u00e9ration Internationale de l\u2019Automobile (FIA), Jean Todt. Uni\u00f3 fuerzas con el fundador y CEO de F\u00f3rmula E, Alejandro Agag y crearon una marca global ecol\u00f3gica de carreras de coches. Ahora, celebrar\u00e1 su sexta temporada y con ellos, se une a la parrilla el&hellip;","_links":{"self":[{"href":"https:\/\/vipexperiences.mx\/ar\/wp-json\/wp\/v2\/posts\/68137","targetHints":{"allow":["GET"]}}],"collection":[{"href":"https:\/\/vipexperiences.mx\/ar\/wp-json\/wp\/v2\/posts"}],"about":[{"href":"https:\/\/vipexperiences.mx\/ar\/wp-json\/wp\/v2\/types\/post"}],"author":[{"embeddable":true,"href":"https:\/\/vipexperiences.mx\/ar\/wp-json\/wp\/v2\/users\/1"}],"replies":[{"embeddable":true,"href":"https:\/\/vipexperiences.mx\/ar\/wp-json\/wp\/v2\/comments?post=68137"}],"version-history":[{"count":0,"href":"https:\/\/vipexperiences.mx\/ar\/wp-json\/wp\/v2\/posts\/68137\/revisions"}],"wp:featuredmedia":[{"embeddable":true,"href":"https:\/\/vipexperiences.mx\/ar\/wp-json\/wp\/v2\/media\/50346"}],"wp:attachment":[{"href":"https:\/\/vipexperiences.mx\/ar\/wp-json\/wp\/v2\/media?parent=68137"}],"wp:term":[{"taxonomy":"category","embeddable":true,"href":"https:\/\/vipexperiences.mx\/ar\/wp-json\/wp\/v2\/categories?post=68137"},{"taxonomy":"post_tag","embeddable":true,"href":"https:\/\/vipexperiences.mx\/ar\/wp-json\/wp\/v2\/tags?post=68137"}],"curies":[{"name":"wp","href":"https:\/\/api.w.org\/{rel}","templated":true}]}}